{"id":2108,"date":"2021-02-14T22:58:06","date_gmt":"2021-02-14T21:58:06","guid":{"rendered":"http:\/\/activrando.org\/AR_blog\/?p=2108"},"modified":"2021-12-09T09:23:43","modified_gmt":"2021-12-09T08:23:43","slug":"le-rez-de-sol-journee-de-rando-au-depart-de-chateldon-dim-14-fev-2021","status":"publish","type":"post","link":"https:\/\/activrando.org\/AR_blog\/2021\/02\/14\/le-rez-de-sol-journee-de-rando-au-depart-de-chateldon-dim-14-fev-2021\/","title":{"rendered":"\u00a0\u00bbLe Rez-de-Sol\u00a0\u00bb, journ\u00e9e de rando&rsquo; au d\u00e9part de Chateldon, dim. 14 f\u00e9v. 2021 (38 photos)"},"content":{"rendered":"\n<p><strong>Le Rez de Sol est le sommet d&rsquo;une ar\u00eate de quartz blanc affleurant visiblement sur plus de 500 m de long et 4 \u00e0 5 m de large. Le tout, couvert de lichens gris ne scintille pas au soleil de fa\u00e7on merveilleuse, mais c&rsquo;est tout de m\u00eame un tr\u00e8s bel endroit \u00e0 visiter et d&rsquo;o\u00f9 l&rsquo;on a une vue \u00e9tendue au sud sur les Monts du Forez et \u00e0 l&rsquo;ouest sur la plaine de Limagne et bien au-del\u00e0 sur les Volcans et les massifs du Sancy et du Volcan Cantalien. <\/strong><\/p>\n\n\n\n<p>.<br>.<\/p>\n\n\n\n<p class=\"has-text-align-center\"><strong> <a href=\"https:\/\/activrando.org\/AR_blog\/2021\/02\/11\/la-gourmande-petite-rando-a-chazeuil-jeudi-11-fev-2021\/\">&lt; &lt; &lt; ARTICLE PR\u00c9C\u00c9DENT<\/a><a href=\"https:\/\/activrando.org\/AR_blog\/2021\/02\/04\/la-crete-petite-randonnee-a-etroussat-mardi-4-fevrier-2021\/\"> <\/a> &#8212;&#8212;&#8212;&#8212;&#8212;&#8212;-  <a href=\"https:\/\/activrando.org\/AR_blog\/\">ACCUEIL DU BLOG<\/a> &#8212;&#8212;&#8212;&#8212;&#8212;&#8212;&#8212;-  <a href=\"https:\/\/activrando.org\/AR_blog\/2021\/02\/16\/les-brages-rando-sante-a-abrest-mardi-16-fevrier-2021\/\">ARTICLE SUIVANT > > ><\/a><\/strong><\/p>\n\n\n\n<p class=\"has-text-align-center\">.<br>.<br><\/p>\n\n\n\n<figure class=\"wp-block-image\"><img decoding=\"async\" loading=\"lazy\" width=\"1024\" height=\"768\" src=\"https:\/\/activrando.org\/AR_blog\/wp-content\/uploads\/2021\/03\/210214-Chateldon-01-rue-village-1024x768.jpg\" alt=\"\" class=\"wp-image-2109\" srcset=\"https:\/\/activrando.org\/AR_blog\/wp-content\/uploads\/2021\/03\/210214-Chateldon-01-rue-village.jpg 1024w, https:\/\/activrando.org\/AR_blog\/wp-content\/uploads\/2021\/03\/210214-Chateldon-01-rue-village-300x225.jpg 300w, https:\/\/activrando.org\/AR_blog\/wp-content\/uploads\/2021\/03\/210214-Chateldon-01-rue-village-768x576.jpg 768w\" sizes=\"(max-width: 1024px) 100vw, 1024px\" \/><figcaption><strong>Nous commen\u00e7ons le parcours dans les rues du vieux village, o\u00f9 l&rsquo;on voit encore de belles fa\u00e7ades \u00e0 colombages. Le soleil n&rsquo;atteint pas encore ces rues et la lumi\u00e8re est bleut\u00e9e. Il r\u00e8gne un grand calme, sauf devant la boulangerie devant laquelle s&rsquo;\u00e9tire une queue de clients.<\/strong><br><br>\u2026<br><br>\u2026<\/figcaption><\/figure>\n\n\n\n<div class=\"wp-block-image\"><figure class=\"aligncenter\"><img decoding=\"async\" loading=\"lazy\" width=\"800\" height=\"800\" src=\"https:\/\/activrando.org\/AR_blog\/wp-content\/uploads\/2021\/03\/210214-Chateldon-02-beffroi-porche.jpg\" alt=\"\" class=\"wp-image-2110\" srcset=\"https:\/\/activrando.org\/AR_blog\/wp-content\/uploads\/2021\/03\/210214-Chateldon-02-beffroi-porche.jpg 800w, https:\/\/activrando.org\/AR_blog\/wp-content\/uploads\/2021\/03\/210214-Chateldon-02-beffroi-porche-150x150.jpg 150w, https:\/\/activrando.org\/AR_blog\/wp-content\/uploads\/2021\/03\/210214-Chateldon-02-beffroi-porche-300x300.jpg 300w, https:\/\/activrando.org\/AR_blog\/wp-content\/uploads\/2021\/03\/210214-Chateldon-02-beffroi-porche-768x768.jpg 768w\" sizes=\"(max-width: 800px) 100vw, 800px\" \/><figcaption><strong>Un porche-pigeonnier garde l&rsquo;entr\u00e9e du ch\u00e2teau.<\/strong><br><br>\u2026<br><br>\u2026<\/figcaption><\/figure><\/div>\n\n\n\n<div class=\"wp-block-image\"><figure class=\"aligncenter\"><img decoding=\"async\" loading=\"lazy\" width=\"800\" height=\"600\" src=\"https:\/\/activrando.org\/AR_blog\/wp-content\/uploads\/2021\/03\/210214-Chateldon-03-facade-maison.jpg\" alt=\"\" class=\"wp-image-2111\" srcset=\"https:\/\/activrando.org\/AR_blog\/wp-content\/uploads\/2021\/03\/210214-Chateldon-03-facade-maison.jpg 800w, https:\/\/activrando.org\/AR_blog\/wp-content\/uploads\/2021\/03\/210214-Chateldon-03-facade-maison-300x225.jpg 300w, https:\/\/activrando.org\/AR_blog\/wp-content\/uploads\/2021\/03\/210214-Chateldon-03-facade-maison-768x576.jpg 768w\" sizes=\"(max-width: 800px) 100vw, 800px\" \/><figcaption><strong>Une maison traditionnelle, aux \u00e9tonnantes d\u00e9corations d&rsquo;huisseries.<\/strong><br><br>\u2026<br><br>\u2026<\/figcaption><\/figure><\/div>\n\n\n\n<figure class=\"wp-block-image\"><img decoding=\"async\" loading=\"lazy\" width=\"1024\" height=\"512\" src=\"https:\/\/activrando.org\/AR_blog\/wp-content\/uploads\/2021\/03\/210214-Chateldon-04-chateau-1024x512.jpg\" alt=\"\" class=\"wp-image-2112\" srcset=\"https:\/\/activrando.org\/AR_blog\/wp-content\/uploads\/2021\/03\/210214-Chateldon-04-chateau.jpg 1024w, https:\/\/activrando.org\/AR_blog\/wp-content\/uploads\/2021\/03\/210214-Chateldon-04-chateau-300x150.jpg 300w, https:\/\/activrando.org\/AR_blog\/wp-content\/uploads\/2021\/03\/210214-Chateldon-04-chateau-768x384.jpg 768w\" sizes=\"(max-width: 1024px) 100vw, 1024px\" \/><figcaption><strong>Le ch\u00e2teau de Laval sur un piton rocheux, en bordure Sud du village.<\/strong><br><br>\u2026<br><br>\u2026<\/figcaption><\/figure>\n\n\n\n<figure class=\"wp-block-image\"><img decoding=\"async\" loading=\"lazy\" width=\"1024\" height=\"682\" src=\"https:\/\/activrando.org\/AR_blog\/wp-content\/uploads\/2021\/03\/210214-Chateldon-05-groupe-marche-1024x682.jpg\" alt=\"\" class=\"wp-image-2114\" srcset=\"https:\/\/activrando.org\/AR_blog\/wp-content\/uploads\/2021\/03\/210214-Chateldon-05-groupe-marche.jpg 1024w, https:\/\/activrando.org\/AR_blog\/wp-content\/uploads\/2021\/03\/210214-Chateldon-05-groupe-marche-300x200.jpg 300w, https:\/\/activrando.org\/AR_blog\/wp-content\/uploads\/2021\/03\/210214-Chateldon-05-groupe-marche-768x512.jpg 768w\" sizes=\"(max-width: 1024px) 100vw, 1024px\" \/><figcaption><strong>Les choses s\u00e9rieuses commencent rapidement, sous la forme de belles mont\u00e9es sur des chemins raides et dans l&rsquo;air encore tr\u00e8s froid.<\/strong><br><br>\u2026<br><br>\u2026<\/figcaption><\/figure>\n\n\n\n<figure class=\"wp-block-image\"><img decoding=\"async\" loading=\"lazy\" width=\"1024\" height=\"683\" src=\"https:\/\/activrando.org\/AR_blog\/wp-content\/uploads\/2021\/03\/210214-Chateldon-05-feuille-glace-1024x683.jpg\" alt=\"\" class=\"wp-image-2113\" srcset=\"https:\/\/activrando.org\/AR_blog\/wp-content\/uploads\/2021\/03\/210214-Chateldon-05-feuille-glace.jpg 1024w, https:\/\/activrando.org\/AR_blog\/wp-content\/uploads\/2021\/03\/210214-Chateldon-05-feuille-glace-300x200.jpg 300w, https:\/\/activrando.org\/AR_blog\/wp-content\/uploads\/2021\/03\/210214-Chateldon-05-feuille-glace-768x512.jpg 768w\" sizes=\"(max-width: 1024px) 100vw, 1024px\" \/><figcaption><strong>Il a gel\u00e9 \u00e0 &#8211; 7 \/ -8\u00b0 C au cours de la nuit et la glace est partout o\u00f9 elle le peut&#8230;<\/strong><br><br>\u2026<br><br>\u2026<\/figcaption><\/figure>\n\n\n\n<figure class=\"wp-block-image\"><img decoding=\"async\" loading=\"lazy\" width=\"1024\" height=\"768\" src=\"https:\/\/activrando.org\/AR_blog\/wp-content\/uploads\/2021\/03\/210214-Chateldon-07-groupe-marche-1024x768.jpg\" alt=\"\" class=\"wp-image-2115\" srcset=\"https:\/\/activrando.org\/AR_blog\/wp-content\/uploads\/2021\/03\/210214-Chateldon-07-groupe-marche.jpg 1024w, https:\/\/activrando.org\/AR_blog\/wp-content\/uploads\/2021\/03\/210214-Chateldon-07-groupe-marche-300x225.jpg 300w, https:\/\/activrando.org\/AR_blog\/wp-content\/uploads\/2021\/03\/210214-Chateldon-07-groupe-marche-768x576.jpg 768w\" sizes=\"(max-width: 1024px) 100vw, 1024px\" \/><figcaption><strong>Bient\u00f4t, nous atteignons la zone d\u00e9j\u00e0 ensoleill\u00e9e et cela procure un certain r\u00e9confort.<\/strong><br><br>\u2026<br><br>\u2026<\/figcaption><\/figure>\n\n\n\n<div class=\"wp-block-image\"><figure class=\"aligncenter\"><img decoding=\"async\" loading=\"lazy\" width=\"800\" height=\"800\" src=\"https:\/\/activrando.org\/AR_blog\/wp-content\/uploads\/2021\/03\/210214-Chateldon-08-croix-Chez-Gironde.jpg\" alt=\"\" class=\"wp-image-2116\" srcset=\"https:\/\/activrando.org\/AR_blog\/wp-content\/uploads\/2021\/03\/210214-Chateldon-08-croix-Chez-Gironde.jpg 800w, https:\/\/activrando.org\/AR_blog\/wp-content\/uploads\/2021\/03\/210214-Chateldon-08-croix-Chez-Gironde-150x150.jpg 150w, https:\/\/activrando.org\/AR_blog\/wp-content\/uploads\/2021\/03\/210214-Chateldon-08-croix-Chez-Gironde-300x300.jpg 300w, https:\/\/activrando.org\/AR_blog\/wp-content\/uploads\/2021\/03\/210214-Chateldon-08-croix-Chez-Gironde-768x768.jpg 768w\" sizes=\"(max-width: 800px) 100vw, 800px\" \/><figcaption><strong>En arrivant \u00e0 Chez Gironde : une belle croix de pierre ancienne.<\/strong><br><br>\u2026<br><br>\u2026<\/figcaption><\/figure><\/div>\n\n\n\n<figure class=\"wp-block-image\"><img decoding=\"async\" loading=\"lazy\" width=\"1024\" height=\"768\" src=\"https:\/\/activrando.org\/AR_blog\/wp-content\/uploads\/2021\/03\/210214-Chateldon-09-chemin-givre-soleil-1024x768.jpg\" alt=\"\" class=\"wp-image-2117\" srcset=\"https:\/\/activrando.org\/AR_blog\/wp-content\/uploads\/2021\/03\/210214-Chateldon-09-chemin-givre-soleil.jpg 1024w, https:\/\/activrando.org\/AR_blog\/wp-content\/uploads\/2021\/03\/210214-Chateldon-09-chemin-givre-soleil-300x225.jpg 300w, https:\/\/activrando.org\/AR_blog\/wp-content\/uploads\/2021\/03\/210214-Chateldon-09-chemin-givre-soleil-768x576.jpg 768w\" sizes=\"(max-width: 1024px) 100vw, 1024px\" \/><figcaption>\u2026<br><br>\u2026<br><br>\u2026<\/figcaption><\/figure>\n\n\n\n<figure class=\"wp-block-image\"><img decoding=\"async\" loading=\"lazy\" width=\"1024\" height=\"682\" src=\"https:\/\/activrando.org\/AR_blog\/wp-content\/uploads\/2021\/03\/210214-Chateldon-10-panorama-montagnes-1024x682.jpg\" alt=\"\" class=\"wp-image-2119\" srcset=\"https:\/\/activrando.org\/AR_blog\/wp-content\/uploads\/2021\/03\/210214-Chateldon-10-panorama-montagnes.jpg 1024w, https:\/\/activrando.org\/AR_blog\/wp-content\/uploads\/2021\/03\/210214-Chateldon-10-panorama-montagnes-300x200.jpg 300w, https:\/\/activrando.org\/AR_blog\/wp-content\/uploads\/2021\/03\/210214-Chateldon-10-panorama-montagnes-768x512.jpg 768w\" sizes=\"(max-width: 1024px) 100vw, 1024px\" \/><figcaption><strong>Panorama vers le Sud-ouest : les sommets du Sancy enneig\u00e9 sont bien visibles.<\/strong><br><br>\u2026<br><br>\u2026<\/figcaption><\/figure>\n\n\n\n<figure class=\"wp-block-image\"><img decoding=\"async\" loading=\"lazy\" width=\"1024\" height=\"512\" src=\"https:\/\/activrando.org\/AR_blog\/wp-content\/uploads\/2021\/03\/210214-Chateldon-11-groupe-marche-1024x512.jpg\" alt=\"\" class=\"wp-image-2120\" srcset=\"https:\/\/activrando.org\/AR_blog\/wp-content\/uploads\/2021\/03\/210214-Chateldon-11-groupe-marche.jpg 1024w, https:\/\/activrando.org\/AR_blog\/wp-content\/uploads\/2021\/03\/210214-Chateldon-11-groupe-marche-300x150.jpg 300w, https:\/\/activrando.org\/AR_blog\/wp-content\/uploads\/2021\/03\/210214-Chateldon-11-groupe-marche-768x384.jpg 768w\" sizes=\"(max-width: 1024px) 100vw, 1024px\" \/><figcaption><strong>Nous approchons de La Roussille&#8230;<\/strong><br><br>\u2026<br><br>\u2026<\/figcaption><\/figure>\n\n\n\n<div class=\"wp-block-image\"><figure class=\"aligncenter\"><img decoding=\"async\" loading=\"lazy\" width=\"800\" height=\"800\" src=\"https:\/\/activrando.org\/AR_blog\/wp-content\/uploads\/2021\/03\/210214-Chateldon-12-groupe-marche.jpg\" alt=\"\" class=\"wp-image-2121\" srcset=\"https:\/\/activrando.org\/AR_blog\/wp-content\/uploads\/2021\/03\/210214-Chateldon-12-groupe-marche.jpg 800w, https:\/\/activrando.org\/AR_blog\/wp-content\/uploads\/2021\/03\/210214-Chateldon-12-groupe-marche-150x150.jpg 150w, https:\/\/activrando.org\/AR_blog\/wp-content\/uploads\/2021\/03\/210214-Chateldon-12-groupe-marche-300x300.jpg 300w, https:\/\/activrando.org\/AR_blog\/wp-content\/uploads\/2021\/03\/210214-Chateldon-12-groupe-marche-768x768.jpg 768w\" sizes=\"(max-width: 800px) 100vw, 800px\" \/><figcaption>\u2026<br><br>\u2026<br><br>\u2026<\/figcaption><\/figure><\/div>\n\n\n\n<div class=\"wp-block-image\"><figure class=\"aligncenter\"><img decoding=\"async\" loading=\"lazy\" width=\"800\" height=\"533\" src=\"https:\/\/activrando.org\/AR_blog\/wp-content\/uploads\/2021\/03\/210214-Chateldon-13-rocher.jpg\" alt=\"\" class=\"wp-image-2122\" srcset=\"https:\/\/activrando.org\/AR_blog\/wp-content\/uploads\/2021\/03\/210214-Chateldon-13-rocher.jpg 800w, https:\/\/activrando.org\/AR_blog\/wp-content\/uploads\/2021\/03\/210214-Chateldon-13-rocher-300x200.jpg 300w, https:\/\/activrando.org\/AR_blog\/wp-content\/uploads\/2021\/03\/210214-Chateldon-13-rocher-768x512.jpg 768w\" sizes=\"(max-width: 800px) 100vw, 800px\" \/><figcaption><strong>Les rochers de La Roussille sont aussi des rochers \u00e0 cupules.<\/strong><br><br>\u2026<br><br>\u2026<\/figcaption><\/figure><\/div>\n\n\n\n<figure class=\"wp-block-image\"><img decoding=\"async\" loading=\"lazy\" width=\"1024\" height=\"682\" src=\"https:\/\/activrando.org\/AR_blog\/wp-content\/uploads\/2021\/03\/210214-Chateldon-14-groupe-marche-1024x682.jpg\" alt=\"\" class=\"wp-image-2123\" srcset=\"https:\/\/activrando.org\/AR_blog\/wp-content\/uploads\/2021\/03\/210214-Chateldon-14-groupe-marche.jpg 1024w, https:\/\/activrando.org\/AR_blog\/wp-content\/uploads\/2021\/03\/210214-Chateldon-14-groupe-marche-300x200.jpg 300w, https:\/\/activrando.org\/AR_blog\/wp-content\/uploads\/2021\/03\/210214-Chateldon-14-groupe-marche-768x512.jpg 768w\" sizes=\"(max-width: 1024px) 100vw, 1024px\" \/><figcaption><strong>Apr\u00e8s avoir pass\u00e9 un petit moment sur le site des rochers \u00e0 cupules, nous regagnons le chemin afin de reprendre notre mont\u00e9e.<\/strong><br><br>\u2026<br><br>\u2026<\/figcaption><\/figure>\n\n\n\n<div class=\"wp-block-image\"><figure class=\"aligncenter\"><img decoding=\"async\" loading=\"lazy\" width=\"800\" height=\"534\" src=\"https:\/\/activrando.org\/AR_blog\/wp-content\/uploads\/2021\/03\/210214-Chateldon-15-fougere-neige.jpg\" alt=\"\" class=\"wp-image-2124\" srcset=\"https:\/\/activrando.org\/AR_blog\/wp-content\/uploads\/2021\/03\/210214-Chateldon-15-fougere-neige.jpg 800w, https:\/\/activrando.org\/AR_blog\/wp-content\/uploads\/2021\/03\/210214-Chateldon-15-fougere-neige-300x200.jpg 300w, https:\/\/activrando.org\/AR_blog\/wp-content\/uploads\/2021\/03\/210214-Chateldon-15-fougere-neige-768x513.jpg 768w\" sizes=\"(max-width: 800px) 100vw, 800px\" \/><figcaption>\u2026<br><br>\u2026<br><br>\u2026<\/figcaption><\/figure><\/div>\n\n\n\n<figure class=\"wp-block-image\"><img decoding=\"async\" loading=\"lazy\" width=\"1024\" height=\"512\" src=\"https:\/\/activrando.org\/AR_blog\/wp-content\/uploads\/2021\/03\/210214-Chateldon-16-groupe-marche-1024x512.jpg\" alt=\"\" class=\"wp-image-2125\" srcset=\"https:\/\/activrando.org\/AR_blog\/wp-content\/uploads\/2021\/03\/210214-Chateldon-16-groupe-marche.jpg 1024w, https:\/\/activrando.org\/AR_blog\/wp-content\/uploads\/2021\/03\/210214-Chateldon-16-groupe-marche-300x150.jpg 300w, https:\/\/activrando.org\/AR_blog\/wp-content\/uploads\/2021\/03\/210214-Chateldon-16-groupe-marche-768x384.jpg 768w\" sizes=\"(max-width: 1024px) 100vw, 1024px\" \/><figcaption>\u2026<br><br>\u2026<br><br>\u2026<\/figcaption><\/figure>\n\n\n\n<figure class=\"wp-block-image\"><img decoding=\"async\" loading=\"lazy\" width=\"1024\" height=\"341\" src=\"https:\/\/activrando.org\/AR_blog\/wp-content\/uploads\/2021\/03\/210214-Chateldon-17-mur-1024x341.jpg\" alt=\"\" class=\"wp-image-2126\" srcset=\"https:\/\/activrando.org\/AR_blog\/wp-content\/uploads\/2021\/03\/210214-Chateldon-17-mur.jpg 1024w, https:\/\/activrando.org\/AR_blog\/wp-content\/uploads\/2021\/03\/210214-Chateldon-17-mur-300x100.jpg 300w, https:\/\/activrando.org\/AR_blog\/wp-content\/uploads\/2021\/03\/210214-Chateldon-17-mur-768x256.jpg 768w\" sizes=\"(max-width: 1024px) 100vw, 1024px\" \/><figcaption><strong>Partout dans la montagne affleurent les restes de beaux murs de pierres anciens.<\/strong><br><br>\u2026<br><br>\u2026<\/figcaption><\/figure>\n\n\n\n<figure class=\"wp-block-image\"><img decoding=\"async\" loading=\"lazy\" width=\"1024\" height=\"576\" src=\"https:\/\/activrando.org\/AR_blog\/wp-content\/uploads\/2021\/03\/210214-Chateldon-18-panorama-1024x576.jpg\" alt=\"\" class=\"wp-image-2127\" srcset=\"https:\/\/activrando.org\/AR_blog\/wp-content\/uploads\/2021\/03\/210214-Chateldon-18-panorama.jpg 1024w, https:\/\/activrando.org\/AR_blog\/wp-content\/uploads\/2021\/03\/210214-Chateldon-18-panorama-300x169.jpg 300w, https:\/\/activrando.org\/AR_blog\/wp-content\/uploads\/2021\/03\/210214-Chateldon-18-panorama-768x432.jpg 768w\" sizes=\"(max-width: 1024px) 100vw, 1024px\" \/><figcaption><strong>Panorama vers le Sud, depuis la table d&rsquo;orientation.<\/strong><br><br>\u2026<br><br>\u2026<\/figcaption><\/figure>\n\n\n\n<figure class=\"wp-block-image\"><img decoding=\"async\" loading=\"lazy\" width=\"1024\" height=\"576\" src=\"https:\/\/activrando.org\/AR_blog\/wp-content\/uploads\/2021\/03\/210214-Chateldon-19-rochers-1024x576.jpg\" alt=\"\" class=\"wp-image-2128\" srcset=\"https:\/\/activrando.org\/AR_blog\/wp-content\/uploads\/2021\/03\/210214-Chateldon-19-rochers.jpg 1024w, https:\/\/activrando.org\/AR_blog\/wp-content\/uploads\/2021\/03\/210214-Chateldon-19-rochers-300x169.jpg 300w, https:\/\/activrando.org\/AR_blog\/wp-content\/uploads\/2021\/03\/210214-Chateldon-19-rochers-768x432.jpg 768w\" sizes=\"(max-width: 1024px) 100vw, 1024px\" \/><figcaption><strong>Les rochers du Rez de Sol, en fait la surface apparente d&rsquo;une grande veine de quartz blanc dont est sans doute fait le c\u0153ur de cette petite montagne. ici couverts de lichens gris.<\/strong><br><br>\u2026<br><br>\u2026<\/figcaption><\/figure>\n\n\n\n<figure class=\"wp-block-image\"><img decoding=\"async\" loading=\"lazy\" width=\"1024\" height=\"575\" src=\"https:\/\/activrando.org\/AR_blog\/wp-content\/uploads\/2021\/03\/210214-Chateldon-20-groupe-pose-1024x575.jpg\" alt=\"\" class=\"wp-image-2142\" srcset=\"https:\/\/activrando.org\/AR_blog\/wp-content\/uploads\/2021\/03\/210214-Chateldon-20-groupe-pose.jpg 1024w, https:\/\/activrando.org\/AR_blog\/wp-content\/uploads\/2021\/03\/210214-Chateldon-20-groupe-pose-300x168.jpg 300w, https:\/\/activrando.org\/AR_blog\/wp-content\/uploads\/2021\/03\/210214-Chateldon-20-groupe-pose-768x431.jpg 768w\" sizes=\"(max-width: 1024px) 100vw, 1024px\" \/><figcaption><strong>Il y a, dans la cr\u00eate du Rez de Sol, une sorte de br\u00e8che qui forme comme un petit col et d&rsquo;o\u00f9 l&rsquo;on a une belle vue vers le Nord, et ce fut notre lieu pour une photo de groupe.<\/strong><br><br>\u2026<br><br>\u2026<\/figcaption><\/figure>\n\n\n\n<figure class=\"wp-block-image\"><img decoding=\"async\" loading=\"lazy\" width=\"1024\" height=\"640\" src=\"https:\/\/activrando.org\/AR_blog\/wp-content\/uploads\/2021\/03\/210214-Chateldon-21-groupe-marche-1024x640.jpg\" alt=\"\" class=\"wp-image-2143\" srcset=\"https:\/\/activrando.org\/AR_blog\/wp-content\/uploads\/2021\/03\/210214-Chateldon-21-groupe-marche.jpg 1024w, https:\/\/activrando.org\/AR_blog\/wp-content\/uploads\/2021\/03\/210214-Chateldon-21-groupe-marche-300x188.jpg 300w, https:\/\/activrando.org\/AR_blog\/wp-content\/uploads\/2021\/03\/210214-Chateldon-21-groupe-marche-768x480.jpg 768w\" sizes=\"(max-width: 1024px) 100vw, 1024px\" \/><figcaption><strong>Puis, vient vient le temps de la redescente&#8230;<\/strong><br><br>\u2026<br><br>\u2026<\/figcaption><\/figure>\n\n\n\n<figure class=\"wp-block-image\"><img decoding=\"async\" loading=\"lazy\" width=\"1024\" height=\"641\" src=\"https:\/\/activrando.org\/AR_blog\/wp-content\/uploads\/2021\/03\/210214-Chateldon-22-cristaux-glace-1024x641.jpg\" alt=\"\" class=\"wp-image-2144\" srcset=\"https:\/\/activrando.org\/AR_blog\/wp-content\/uploads\/2021\/03\/210214-Chateldon-22-cristaux-glace.jpg 1024w, https:\/\/activrando.org\/AR_blog\/wp-content\/uploads\/2021\/03\/210214-Chateldon-22-cristaux-glace-300x188.jpg 300w, https:\/\/activrando.org\/AR_blog\/wp-content\/uploads\/2021\/03\/210214-Chateldon-22-cristaux-glace-768x481.jpg 768w\" sizes=\"(max-width: 1024px) 100vw, 1024px\" \/><figcaption><strong>Au sol, par endroit, l&rsquo;humidit\u00e9 a gel\u00e9 en formant de longs cristaux verticaux, comme une chevelure.<\/strong><br><br>\u2026<br><br>\u2026<\/figcaption><\/figure>\n\n\n\n<figure class=\"wp-block-image\"><img decoding=\"async\" loading=\"lazy\" width=\"1024\" height=\"640\" src=\"https:\/\/activrando.org\/AR_blog\/wp-content\/uploads\/2021\/03\/210214-Chateldon-23-groupe-marche-1024x640.jpg\" alt=\"\" class=\"wp-image-2145\" srcset=\"https:\/\/activrando.org\/AR_blog\/wp-content\/uploads\/2021\/03\/210214-Chateldon-23-groupe-marche.jpg 1024w, https:\/\/activrando.org\/AR_blog\/wp-content\/uploads\/2021\/03\/210214-Chateldon-23-groupe-marche-300x188.jpg 300w, https:\/\/activrando.org\/AR_blog\/wp-content\/uploads\/2021\/03\/210214-Chateldon-23-groupe-marche-768x480.jpg 768w\" sizes=\"(max-width: 1024px) 100vw, 1024px\" \/><figcaption>\u2026<br><br>\u2026<br><br>\u2026<\/figcaption><\/figure>\n\n\n\n<figure class=\"wp-block-image\"><img decoding=\"async\" loading=\"lazy\" width=\"1024\" height=\"683\" src=\"https:\/\/activrando.org\/AR_blog\/wp-content\/uploads\/2021\/03\/210214-Chateldon-24-souche-1024x683.jpg\" alt=\"\" class=\"wp-image-2146\" srcset=\"https:\/\/activrando.org\/AR_blog\/wp-content\/uploads\/2021\/03\/210214-Chateldon-24-souche.jpg 1024w, https:\/\/activrando.org\/AR_blog\/wp-content\/uploads\/2021\/03\/210214-Chateldon-24-souche-300x200.jpg 300w, https:\/\/activrando.org\/AR_blog\/wp-content\/uploads\/2021\/03\/210214-Chateldon-24-souche-768x512.jpg 768w\" sizes=\"(max-width: 1024px) 100vw, 1024px\" \/><figcaption><strong>Une souche de r\u00e9sineux sur laquelle le bois a continu\u00e9 un peu \u00e0 pousser, formant un bourrelet.<\/strong><br><br>\u2026<br><br>\u2026<\/figcaption><\/figure>\n\n\n\n<figure class=\"wp-block-image\"><img decoding=\"async\" loading=\"lazy\" width=\"1024\" height=\"576\" src=\"https:\/\/activrando.org\/AR_blog\/wp-content\/uploads\/2021\/03\/210214-Chateldon-25-groupe-marche-1024x576.jpg\" alt=\"\" class=\"wp-image-2147\" srcset=\"https:\/\/activrando.org\/AR_blog\/wp-content\/uploads\/2021\/03\/210214-Chateldon-25-groupe-marche.jpg 1024w, https:\/\/activrando.org\/AR_blog\/wp-content\/uploads\/2021\/03\/210214-Chateldon-25-groupe-marche-300x169.jpg 300w, https:\/\/activrando.org\/AR_blog\/wp-content\/uploads\/2021\/03\/210214-Chateldon-25-groupe-marche-768x432.jpg 768w\" sizes=\"(max-width: 1024px) 100vw, 1024px\" \/><figcaption>\u2026<br><br>\u2026<br><br>\u2026<\/figcaption><\/figure>\n\n\n\n<figure class=\"wp-block-image\"><img decoding=\"async\" loading=\"lazy\" width=\"1024\" height=\"576\" src=\"https:\/\/activrando.org\/AR_blog\/wp-content\/uploads\/2021\/03\/210214-Chateldon-26-Rocher-Combeau-1024x576.jpg\" alt=\"\" class=\"wp-image-2148\" srcset=\"https:\/\/activrando.org\/AR_blog\/wp-content\/uploads\/2021\/03\/210214-Chateldon-26-Rocher-Combeau.jpg 1024w, https:\/\/activrando.org\/AR_blog\/wp-content\/uploads\/2021\/03\/210214-Chateldon-26-Rocher-Combeau-300x169.jpg 300w, https:\/\/activrando.org\/AR_blog\/wp-content\/uploads\/2021\/03\/210214-Chateldon-26-Rocher-Combeau-768x432.jpg 768w\" sizes=\"(max-width: 1024px) 100vw, 1024px\" \/><figcaption><strong>Nous arrivons au Rocher Combeau, autre lieu extraordinaire \u00e0 visiter, du fait de sa forme, entaill\u00e9e de cupules. Dans celles-ci, le froid vif des derniers jours \u00e0 gel\u00e9 l&rsquo;eau stagnante.<\/strong><br><br>\u2026<br><br>\u2026<\/figcaption><\/figure>\n\n\n\n<figure class=\"wp-block-image\"><img decoding=\"async\" loading=\"lazy\" width=\"1024\" height=\"576\" src=\"https:\/\/activrando.org\/AR_blog\/wp-content\/uploads\/2021\/03\/210214-Chateldon-27-Rocher-Combeau-1024x576.jpg\" alt=\"\" class=\"wp-image-2149\" srcset=\"https:\/\/activrando.org\/AR_blog\/wp-content\/uploads\/2021\/03\/210214-Chateldon-27-Rocher-Combeau.jpg 1024w, https:\/\/activrando.org\/AR_blog\/wp-content\/uploads\/2021\/03\/210214-Chateldon-27-Rocher-Combeau-300x169.jpg 300w, https:\/\/activrando.org\/AR_blog\/wp-content\/uploads\/2021\/03\/210214-Chateldon-27-Rocher-Combeau-768x432.jpg 768w\" sizes=\"(max-width: 1024px) 100vw, 1024px\" \/><figcaption>\u2026<br><br>\u2026<br><br>\u2026<\/figcaption><\/figure>\n\n\n\n<figure class=\"wp-block-image\"><img decoding=\"async\" loading=\"lazy\" width=\"1024\" height=\"576\" src=\"https:\/\/activrando.org\/AR_blog\/wp-content\/uploads\/2021\/03\/210214-Chateldon-28-Rocher-Combeau-groupe-1024x576.jpg\" alt=\"\" class=\"wp-image-2150\" srcset=\"https:\/\/activrando.org\/AR_blog\/wp-content\/uploads\/2021\/03\/210214-Chateldon-28-Rocher-Combeau-groupe.jpg 1024w, https:\/\/activrando.org\/AR_blog\/wp-content\/uploads\/2021\/03\/210214-Chateldon-28-Rocher-Combeau-groupe-300x169.jpg 300w, https:\/\/activrando.org\/AR_blog\/wp-content\/uploads\/2021\/03\/210214-Chateldon-28-Rocher-Combeau-groupe-768x432.jpg 768w\" sizes=\"(max-width: 1024px) 100vw, 1024px\" \/><figcaption>\u2026<br><br>\u2026<br><br>\u2026<\/figcaption><\/figure>\n\n\n\n<figure class=\"wp-block-image\"><img decoding=\"async\" loading=\"lazy\" width=\"1024\" height=\"575\" src=\"https:\/\/activrando.org\/AR_blog\/wp-content\/uploads\/2021\/03\/210214-Chateldon-29-Rocher-Combeau-1024x575.jpg\" alt=\"\" class=\"wp-image-2151\" srcset=\"https:\/\/activrando.org\/AR_blog\/wp-content\/uploads\/2021\/03\/210214-Chateldon-29-Rocher-Combeau.jpg 1024w, https:\/\/activrando.org\/AR_blog\/wp-content\/uploads\/2021\/03\/210214-Chateldon-29-Rocher-Combeau-300x168.jpg 300w, https:\/\/activrando.org\/AR_blog\/wp-content\/uploads\/2021\/03\/210214-Chateldon-29-Rocher-Combeau-768x431.jpg 768w\" sizes=\"(max-width: 1024px) 100vw, 1024px\" \/><figcaption>\u2026<br><br>\u2026<br><br>\u2026<\/figcaption><\/figure>\n\n\n\n<figure class=\"wp-block-image\"><img decoding=\"async\" loading=\"lazy\" width=\"1024\" height=\"768\" src=\"https:\/\/activrando.org\/AR_blog\/wp-content\/uploads\/2021\/03\/210214-Chateldon-30-fontaine-glacons-1024x768.jpg\" alt=\"\" class=\"wp-image-2152\" srcset=\"https:\/\/activrando.org\/AR_blog\/wp-content\/uploads\/2021\/03\/210214-Chateldon-30-fontaine-glacons.jpg 1024w, https:\/\/activrando.org\/AR_blog\/wp-content\/uploads\/2021\/03\/210214-Chateldon-30-fontaine-glacons-300x225.jpg 300w, https:\/\/activrando.org\/AR_blog\/wp-content\/uploads\/2021\/03\/210214-Chateldon-30-fontaine-glacons-768x576.jpg 768w\" sizes=\"(max-width: 1024px) 100vw, 1024px\" \/><figcaption><strong>A Rong\u00e8res-Montagne, la fontaine coule toujours, en projetant de l&rsquo;eau qui s&rsquo;est fig\u00e9e sous forme de curieux gla\u00e7ons arrondis&#8230;<\/strong><br><br>\u2026<br><br>\u2026<\/figcaption><\/figure>\n\n\n\n<figure class=\"wp-block-image\"><img decoding=\"async\" loading=\"lazy\" width=\"1024\" height=\"576\" src=\"https:\/\/activrando.org\/AR_blog\/wp-content\/uploads\/2021\/03\/210214-Chateldon-31-glacons-1024x576.jpg\" alt=\"\" class=\"wp-image-2153\" srcset=\"https:\/\/activrando.org\/AR_blog\/wp-content\/uploads\/2021\/03\/210214-Chateldon-31-glacons.jpg 1024w, https:\/\/activrando.org\/AR_blog\/wp-content\/uploads\/2021\/03\/210214-Chateldon-31-glacons-300x169.jpg 300w, https:\/\/activrando.org\/AR_blog\/wp-content\/uploads\/2021\/03\/210214-Chateldon-31-glacons-768x432.jpg 768w\" sizes=\"(max-width: 1024px) 100vw, 1024px\" \/><figcaption>\u2026<br><br>\u2026<br><br>\u2026<\/figcaption><\/figure>\n\n\n\n<figure class=\"wp-block-image\"><img decoding=\"async\" loading=\"lazy\" width=\"1024\" height=\"576\" src=\"https:\/\/activrando.org\/AR_blog\/wp-content\/uploads\/2021\/03\/210214-Chateldon-32-lavoir-1024x576.jpg\" alt=\"\" class=\"wp-image-2154\" srcset=\"https:\/\/activrando.org\/AR_blog\/wp-content\/uploads\/2021\/03\/210214-Chateldon-32-lavoir.jpg 1024w, https:\/\/activrando.org\/AR_blog\/wp-content\/uploads\/2021\/03\/210214-Chateldon-32-lavoir-300x169.jpg 300w, https:\/\/activrando.org\/AR_blog\/wp-content\/uploads\/2021\/03\/210214-Chateldon-32-lavoir-768x432.jpg 768w\" sizes=\"(max-width: 1024px) 100vw, 1024px\" \/><figcaption><strong>Juste \u00e0 c\u00f4t\u00e9, le lavoir \u00e0 la forme simple et \u00e9l\u00e9gante.<\/strong><br><br>\u2026<br><br>\u2026<\/figcaption><\/figure>\n\n\n\n<figure class=\"wp-block-image\"><img decoding=\"async\" loading=\"lazy\" width=\"1024\" height=\"683\" src=\"https:\/\/activrando.org\/AR_blog\/wp-content\/uploads\/2021\/03\/210214-Chateldon-33-groupe-marche-1024x683.jpg\" alt=\"\" class=\"wp-image-2155\" srcset=\"https:\/\/activrando.org\/AR_blog\/wp-content\/uploads\/2021\/03\/210214-Chateldon-33-groupe-marche.jpg 1024w, https:\/\/activrando.org\/AR_blog\/wp-content\/uploads\/2021\/03\/210214-Chateldon-33-groupe-marche-300x200.jpg 300w, https:\/\/activrando.org\/AR_blog\/wp-content\/uploads\/2021\/03\/210214-Chateldon-33-groupe-marche-768x512.jpg 768w\" sizes=\"(max-width: 1024px) 100vw, 1024px\" \/><figcaption>\u2026<br><br>\u2026<br><br>\u2026<\/figcaption><\/figure>\n\n\n\n<figure class=\"wp-block-image\"><img decoding=\"async\" loading=\"lazy\" width=\"1024\" height=\"576\" src=\"https:\/\/activrando.org\/AR_blog\/wp-content\/uploads\/2021\/03\/210214-Chateldon-34-mousse-neige-1024x576.jpg\" alt=\"\" class=\"wp-image-2157\" srcset=\"https:\/\/activrando.org\/AR_blog\/wp-content\/uploads\/2021\/03\/210214-Chateldon-34-mousse-neige.jpg 1024w, https:\/\/activrando.org\/AR_blog\/wp-content\/uploads\/2021\/03\/210214-Chateldon-34-mousse-neige-300x169.jpg 300w, https:\/\/activrando.org\/AR_blog\/wp-content\/uploads\/2021\/03\/210214-Chateldon-34-mousse-neige-768x432.jpg 768w\" sizes=\"(max-width: 1024px) 100vw, 1024px\" \/><figcaption><strong>Mousse et neige m\u00e9lang\u00e9es.<\/strong><br><br>\u2026<br><br>\u2026<\/figcaption><\/figure>\n\n\n\n<figure class=\"wp-block-image\"><img decoding=\"async\" loading=\"lazy\" width=\"1024\" height=\"576\" src=\"https:\/\/activrando.org\/AR_blog\/wp-content\/uploads\/2021\/03\/210214-Chateldon-35-charrue-1024x576.jpg\" alt=\"\" class=\"wp-image-2158\" srcset=\"https:\/\/activrando.org\/AR_blog\/wp-content\/uploads\/2021\/03\/210214-Chateldon-35-charrue.jpg 1024w, https:\/\/activrando.org\/AR_blog\/wp-content\/uploads\/2021\/03\/210214-Chateldon-35-charrue-300x169.jpg 300w, https:\/\/activrando.org\/AR_blog\/wp-content\/uploads\/2021\/03\/210214-Chateldon-35-charrue-768x432.jpg 768w\" sizes=\"(max-width: 1024px) 100vw, 1024px\" \/><figcaption><strong>A Gaulichard, une ancienne charrue \u00e0 la forme \u00e9lanc\u00e9e et gracile.<\/strong><br><br>\u2026<br><br>\u2026<\/figcaption><\/figure>\n\n\n\n<figure class=\"wp-block-image\"><img decoding=\"async\" loading=\"lazy\" width=\"1024\" height=\"341\" src=\"https:\/\/activrando.org\/AR_blog\/wp-content\/uploads\/2021\/03\/210214-Chateldon-36-vallon-1024x341.jpg\" alt=\"\" class=\"wp-image-2159\" srcset=\"https:\/\/activrando.org\/AR_blog\/wp-content\/uploads\/2021\/03\/210214-Chateldon-36-vallon.jpg 1024w, https:\/\/activrando.org\/AR_blog\/wp-content\/uploads\/2021\/03\/210214-Chateldon-36-vallon-300x100.jpg 300w, https:\/\/activrando.org\/AR_blog\/wp-content\/uploads\/2021\/03\/210214-Chateldon-36-vallon-768x256.jpg 768w\" sizes=\"(max-width: 1024px) 100vw, 1024px\" \/><figcaption>\u2026<br><br>\u2026<br><br>\u2026<\/figcaption><\/figure>\n\n\n\n<figure class=\"wp-block-image\"><img decoding=\"async\" loading=\"lazy\" width=\"1024\" height=\"512\" src=\"https:\/\/activrando.org\/AR_blog\/wp-content\/uploads\/2021\/03\/210214-Chateldon-37-groupe-marche-1024x512.jpg\" alt=\"\" class=\"wp-image-2160\" srcset=\"https:\/\/activrando.org\/AR_blog\/wp-content\/uploads\/2021\/03\/210214-Chateldon-37-groupe-marche.jpg 1024w, https:\/\/activrando.org\/AR_blog\/wp-content\/uploads\/2021\/03\/210214-Chateldon-37-groupe-marche-300x150.jpg 300w, https:\/\/activrando.org\/AR_blog\/wp-content\/uploads\/2021\/03\/210214-Chateldon-37-groupe-marche-768x384.jpg 768w\" sizes=\"(max-width: 1024px) 100vw, 1024px\" \/><figcaption><strong>Nous redescendons dans la vall\u00e9e du Vauziron.<\/strong><br><br>\u2026<br><br>\u2026<\/figcaption><\/figure>\n\n\n\n<figure class=\"wp-block-image\"><img decoding=\"async\" loading=\"lazy\" width=\"1024\" height=\"341\" src=\"https:\/\/activrando.org\/AR_blog\/wp-content\/uploads\/2021\/03\/210214-Chateldon-38-groupe-marche-1024x341.jpg\" alt=\"\" class=\"wp-image-2161\" srcset=\"https:\/\/activrando.org\/AR_blog\/wp-content\/uploads\/2021\/03\/210214-Chateldon-38-groupe-marche.jpg 1024w, https:\/\/activrando.org\/AR_blog\/wp-content\/uploads\/2021\/03\/210214-Chateldon-38-groupe-marche-300x100.jpg 300w, https:\/\/activrando.org\/AR_blog\/wp-content\/uploads\/2021\/03\/210214-Chateldon-38-groupe-marche-768x256.jpg 768w\" sizes=\"(max-width: 1024px) 100vw, 1024px\" \/><figcaption>\u2026<br><br>\u2026<br><br>\u2026<\/figcaption><\/figure>\n\n\n\n<figure class=\"wp-block-image\"><img decoding=\"async\" loading=\"lazy\" width=\"1024\" height=\"512\" src=\"https:\/\/activrando.org\/AR_blog\/wp-content\/uploads\/2021\/03\/210214-Chateldon-39-chateau-eglise-1024x512.jpg\" alt=\"\" class=\"wp-image-2162\" srcset=\"https:\/\/activrando.org\/AR_blog\/wp-content\/uploads\/2021\/03\/210214-Chateldon-39-chateau-eglise.jpg 1024w, https:\/\/activrando.org\/AR_blog\/wp-content\/uploads\/2021\/03\/210214-Chateldon-39-chateau-eglise-300x150.jpg 300w, https:\/\/activrando.org\/AR_blog\/wp-content\/uploads\/2021\/03\/210214-Chateldon-39-chateau-eglise-768x384.jpg 768w\" sizes=\"(max-width: 1024px) 100vw, 1024px\" \/><figcaption><strong>De retour \u00e0 Chateldon, nous arrivons par le c\u00f4t\u00e9 de l&rsquo;ancien ch\u00e2teau.<\/strong><br><br>\u2026<br><br>\u2026<\/figcaption><\/figure>\n\n\n\n<p class=\"has-text-align-center\"><strong> <a href=\"https:\/\/activrando.org\/AR_blog\/2021\/02\/11\/la-gourmande-petite-rando-a-chazeuil-jeudi-11-fev-2021\/\">&lt; &lt; &lt; ARTICLE PR\u00c9C\u00c9DENT<\/a> &#8212;&#8212;&#8212;&#8212;&#8212;&#8212;-  <a href=\"https:\/\/activrando.org\/AR_blog\/\">ACCUEIL DU BLOG<\/a> &#8212;&#8212;&#8212;&#8212;&#8212;&#8212;&#8212;-  <a href=\"https:\/\/activrando.org\/AR_blog\/2021\/02\/16\/les-brages-rando-sante-a-abrest-mardi-16-fevrier-2021\/\">ARTICLE SUIVANT > > ><\/a><\/strong><br>.<br>.<\/p>\n","protected":false},"excerpt":{"rendered":"<p>Le Rez de Sol est le sommet d&rsquo;une ar\u00eate de quartz blanc affleurant visiblement sur plus de 500 m de long et 4 \u00e0 5 m de large. Le tout, couvert de lichens gris ne scintille pas au soleil de fa\u00e7on merveilleuse, mais c&rsquo;est tout de m\u00eame un tr\u00e8s bel&#8230;<\/p>\n","protected":false},"author":2,"featured_media":2139,"comment_status":"closed","ping_status":"closed","sticky":false,"template":"","format":"standard","meta":[],"categories":[2],"tags":[8,9,15,13],"_links":{"self":[{"href":"https:\/\/activrando.org\/AR_blog\/wp-json\/wp\/v2\/posts\/2108"}],"collection":[{"href":"https:\/\/activrando.org\/AR_blog\/wp-json\/wp\/v2\/posts"}],"about":[{"href":"https:\/\/activrando.org\/AR_blog\/wp-json\/wp\/v2\/types\/post"}],"author":[{"embeddable":true,"href":"https:\/\/activrando.org\/AR_blog\/wp-json\/wp\/v2\/users\/2"}],"replies":[{"embeddable":true,"href":"https:\/\/activrando.org\/AR_blog\/wp-json\/wp\/v2\/comments?post=2108"}],"version-history":[{"count":13,"href":"https:\/\/activrando.org\/AR_blog\/wp-json\/wp\/v2\/posts\/2108\/revisions"}],"predecessor-version":[{"id":3701,"href":"https:\/\/activrando.org\/AR_blog\/wp-json\/wp\/v2\/posts\/2108\/revisions\/3701"}],"wp:featuredmedia":[{"embeddable":true,"href":"https:\/\/activrando.org\/AR_blog\/wp-json\/wp\/v2\/media\/2139"}],"wp:attachment":[{"href":"https:\/\/activrando.org\/AR_blog\/wp-json\/wp\/v2\/media?parent=2108"}],"wp:term":[{"taxonomy":"category","embeddable":true,"href":"https:\/\/activrando.org\/AR_blog\/wp-json\/wp\/v2\/categories?post=2108"},{"taxonomy":"post_tag","embeddable":true,"href":"https:\/\/activrando.org\/AR_blog\/wp-json\/wp\/v2\/tags?post=2108"}],"curies":[{"name":"wp","href":"https:\/\/api.w.org\/{rel}","templated":true}]}}