{"id":2095,"date":"2021-02-11T22:44:59","date_gmt":"2021-02-11T21:44:59","guid":{"rendered":"http:\/\/activrando.org\/AR_blog\/?p=2095"},"modified":"2021-12-09T09:25:03","modified_gmt":"2021-12-09T08:25:03","slug":"la-gourmande-petite-rando-a-chazeuil-jeudi-11-fev-2021","status":"publish","type":"post","link":"https:\/\/activrando.org\/AR_blog\/2021\/02\/11\/la-gourmande-petite-rando-a-chazeuil-jeudi-11-fev-2021\/","title":{"rendered":"\u00a0\u00bbLa Gourmande\u00a0\u00bb, petite rando&rsquo; \u00e0 Chazeuil jeudi 11 f\u00e9v. 2021 (11 photos)"},"content":{"rendered":"\n<p><strong>Nous \u00e9voluerons durant ce parcours dans la grande plaine de Varennes-Forterre, un espace o\u00f9 s&rsquo;alternent des zones o\u00f9 la culture est possible et d&rsquo;autres laiss\u00e9es par n\u00e9cessit\u00e9 \u00e0 la for\u00eat ou aux pr\u00e9s d&rsquo;\u00e9levage. C&rsquo;est principalement ce type d&rsquo;environnement que nous verrons, la Gourmande \u00e9tant un lieu-dit situ\u00e9 \u00e0 l&rsquo;or\u00e9e de la for\u00eat des Mouzi\u00e8res, au nord de  Montoldre.<\/strong><\/p>\n\n\n\n<p>.<br>.<\/p>\n\n\n\n<p class=\"has-text-align-center\"><strong> <a href=\"https:\/\/activrando.org\/AR_blog\/2021\/02\/09\/la-croix-jacob-rando-sante-a-serbannes-le-9-fev-2021\/\">&lt; &lt; &lt; ARTICLE PR\u00c9C\u00c9DENT<\/a> &#8212;&#8212;&#8212;&#8212;&#8212;&#8212;-  <a href=\"https:\/\/activrando.org\/AR_blog\/\">ACCUEIL DU BLOG<\/a> &#8212;&#8212;&#8212;&#8212;&#8212;&#8212;&#8212;-  <a href=\"https:\/\/activrando.org\/AR_blog\/2021\/02\/14\/le-rez-de-sol-journee-de-rando-au-depart-de-chateldon-dim-14-fev-2021\/\">ARTICLE SUIVANT > > ><\/a><\/strong><\/p>\n\n\n\n<p>.<br>.<\/p>\n\n\n\n<figure class=\"wp-block-image\"><img decoding=\"async\" loading=\"lazy\" width=\"1024\" height=\"683\" src=\"https:\/\/activrando.org\/AR_blog\/wp-content\/uploads\/2021\/03\/210211-Chazeuil-01-chapelle-La_Ronde-1024x683.jpg\" alt=\"\" class=\"wp-image-2096\" srcset=\"https:\/\/activrando.org\/AR_blog\/wp-content\/uploads\/2021\/03\/210211-Chazeuil-01-chapelle-La_Ronde.jpg 1024w, https:\/\/activrando.org\/AR_blog\/wp-content\/uploads\/2021\/03\/210211-Chazeuil-01-chapelle-La_Ronde-300x200.jpg 300w, https:\/\/activrando.org\/AR_blog\/wp-content\/uploads\/2021\/03\/210211-Chazeuil-01-chapelle-La_Ronde-768x512.jpg 768w\" sizes=\"(max-width: 1024px) 100vw, 1024px\" \/><figcaption><strong>D\u00e8s le d\u00e9but du parcours, nous passons \u00e0 la Chapelle de La ronde.<\/strong><br><br>\u2026<br><br>\u2026<\/figcaption><\/figure>\n\n\n\n<figure class=\"wp-block-image\"><img decoding=\"async\" loading=\"lazy\" width=\"1024\" height=\"683\" src=\"https:\/\/activrando.org\/AR_blog\/wp-content\/uploads\/2021\/03\/210211-Chazeuil-02-groupe-pose-1024x683.jpg\" alt=\"\" class=\"wp-image-2097\" srcset=\"https:\/\/activrando.org\/AR_blog\/wp-content\/uploads\/2021\/03\/210211-Chazeuil-02-groupe-pose.jpg 1024w, https:\/\/activrando.org\/AR_blog\/wp-content\/uploads\/2021\/03\/210211-Chazeuil-02-groupe-pose-300x200.jpg 300w, https:\/\/activrando.org\/AR_blog\/wp-content\/uploads\/2021\/03\/210211-Chazeuil-02-groupe-pose-768x512.jpg 768w\" sizes=\"(max-width: 1024px) 100vw, 1024px\" \/><figcaption>\u2026<br><br>\u2026<br><br>\u2026<\/figcaption><\/figure>\n\n\n\n<figure class=\"wp-block-image\"><img decoding=\"async\" loading=\"lazy\" width=\"1024\" height=\"768\" src=\"https:\/\/activrando.org\/AR_blog\/wp-content\/uploads\/2021\/03\/210211-Chazeuil-03-chapelle-La_Ronde-1024x768.jpg\" alt=\"\" class=\"wp-image-2098\" srcset=\"https:\/\/activrando.org\/AR_blog\/wp-content\/uploads\/2021\/03\/210211-Chazeuil-03-chapelle-La_Ronde.jpg 1024w, https:\/\/activrando.org\/AR_blog\/wp-content\/uploads\/2021\/03\/210211-Chazeuil-03-chapelle-La_Ronde-300x225.jpg 300w, https:\/\/activrando.org\/AR_blog\/wp-content\/uploads\/2021\/03\/210211-Chazeuil-03-chapelle-La_Ronde-768x576.jpg 768w\" sizes=\"(max-width: 1024px) 100vw, 1024px\" \/><figcaption>\u2026<br><br>\u2026<br><br>\u2026<\/figcaption><\/figure>\n\n\n\n<figure class=\"wp-block-image\"><img decoding=\"async\" loading=\"lazy\" width=\"1024\" height=\"682\" src=\"https:\/\/activrando.org\/AR_blog\/wp-content\/uploads\/2021\/03\/210211-Chazeuil-04-presbytere-1024x682.jpg\" alt=\"\" class=\"wp-image-2099\" srcset=\"https:\/\/activrando.org\/AR_blog\/wp-content\/uploads\/2021\/03\/210211-Chazeuil-04-presbytere.jpg 1024w, https:\/\/activrando.org\/AR_blog\/wp-content\/uploads\/2021\/03\/210211-Chazeuil-04-presbytere-300x200.jpg 300w, https:\/\/activrando.org\/AR_blog\/wp-content\/uploads\/2021\/03\/210211-Chazeuil-04-presbytere-768x512.jpg 768w\" sizes=\"(max-width: 1024px) 100vw, 1024px\" \/><figcaption>Juste \u00e0 c\u00f4t\u00e9 de la chapelle, ce qui semble avoir \u00e9t\u00e9 un presbyt\u00e8re.<br><br>\u2026<br><br>\u2026<\/figcaption><\/figure>\n\n\n\n<figure class=\"wp-block-image\"><img decoding=\"async\" loading=\"lazy\" width=\"1024\" height=\"683\" src=\"https:\/\/activrando.org\/AR_blog\/wp-content\/uploads\/2021\/03\/210211-Chazeuil-05-lavoir-1024x683.jpg\" alt=\"\" class=\"wp-image-2100\" srcset=\"https:\/\/activrando.org\/AR_blog\/wp-content\/uploads\/2021\/03\/210211-Chazeuil-05-lavoir.jpg 1024w, https:\/\/activrando.org\/AR_blog\/wp-content\/uploads\/2021\/03\/210211-Chazeuil-05-lavoir-300x200.jpg 300w, https:\/\/activrando.org\/AR_blog\/wp-content\/uploads\/2021\/03\/210211-Chazeuil-05-lavoir-768x512.jpg 768w\" sizes=\"(max-width: 1024px) 100vw, 1024px\" \/><figcaption><strong>Un lavoir \u00e0 la forme ovale \u00e9tonnante et dont tout le pourtour est en pierre inclin\u00e9e afin d&rsquo;y battre et frotter \u00e0 la brosse le linge<\/strong><br><br>\u2026<br><br>\u2026<\/figcaption><\/figure>\n\n\n\n<div class=\"wp-block-image\"><figure class=\"aligncenter\"><img decoding=\"async\" loading=\"lazy\" width=\"800\" height=\"600\" src=\"https:\/\/activrando.org\/AR_blog\/wp-content\/uploads\/2021\/03\/210211-Chazeuil-06-groupe-pose.jpg\" alt=\"\" class=\"wp-image-2101\" srcset=\"https:\/\/activrando.org\/AR_blog\/wp-content\/uploads\/2021\/03\/210211-Chazeuil-06-groupe-pose.jpg 800w, https:\/\/activrando.org\/AR_blog\/wp-content\/uploads\/2021\/03\/210211-Chazeuil-06-groupe-pose-300x225.jpg 300w, https:\/\/activrando.org\/AR_blog\/wp-content\/uploads\/2021\/03\/210211-Chazeuil-06-groupe-pose-768x576.jpg 768w\" sizes=\"(max-width: 800px) 100vw, 800px\" \/><figcaption>\u2026<br><br>\u2026<br><br>\u2026<\/figcaption><\/figure><\/div>\n\n\n\n<figure class=\"wp-block-image\"><img decoding=\"async\" loading=\"lazy\" width=\"1024\" height=\"512\" src=\"https:\/\/activrando.org\/AR_blog\/wp-content\/uploads\/2021\/03\/210211-Chazeuil-07-chemin-1024x512.jpg\" alt=\"\" class=\"wp-image-2102\" srcset=\"https:\/\/activrando.org\/AR_blog\/wp-content\/uploads\/2021\/03\/210211-Chazeuil-07-chemin.jpg 1024w, https:\/\/activrando.org\/AR_blog\/wp-content\/uploads\/2021\/03\/210211-Chazeuil-07-chemin-300x150.jpg 300w, https:\/\/activrando.org\/AR_blog\/wp-content\/uploads\/2021\/03\/210211-Chazeuil-07-chemin-768x384.jpg 768w\" sizes=\"(max-width: 1024px) 100vw, 1024px\" \/><figcaption><strong>C\u00f4t\u00e9 Est de Chazeuil le plateau : vraiment tr\u00e8s plat !<\/strong><br><br>\u2026<br><br>\u2026<\/figcaption><\/figure>\n\n\n\n<figure class=\"wp-block-image\"><img decoding=\"async\" loading=\"lazy\" width=\"1024\" height=\"683\" src=\"https:\/\/activrando.org\/AR_blog\/wp-content\/uploads\/2021\/03\/210211-Chazeuil-08-groupe-pose-1024x683.jpg\" alt=\"\" class=\"wp-image-2103\" srcset=\"https:\/\/activrando.org\/AR_blog\/wp-content\/uploads\/2021\/03\/210211-Chazeuil-08-groupe-pose.jpg 1024w, https:\/\/activrando.org\/AR_blog\/wp-content\/uploads\/2021\/03\/210211-Chazeuil-08-groupe-pose-300x200.jpg 300w, https:\/\/activrando.org\/AR_blog\/wp-content\/uploads\/2021\/03\/210211-Chazeuil-08-groupe-pose-768x512.jpg 768w\" sizes=\"(max-width: 1024px) 100vw, 1024px\" \/><figcaption><strong>Petite pause \/ pose dans le secteur de La Gourmande.<\/strong><br><br>\u2026<br><br>\u2026<\/figcaption><\/figure>\n\n\n\n<figure class=\"wp-block-image\"><img decoding=\"async\" loading=\"lazy\" width=\"1024\" height=\"768\" src=\"https:\/\/activrando.org\/AR_blog\/wp-content\/uploads\/2021\/03\/210211-Chazeuil-09-arbre-chene-solarise-1024x768.jpg\" alt=\"\" class=\"wp-image-2104\" srcset=\"https:\/\/activrando.org\/AR_blog\/wp-content\/uploads\/2021\/03\/210211-Chazeuil-09-arbre-chene-solarise.jpg 1024w, https:\/\/activrando.org\/AR_blog\/wp-content\/uploads\/2021\/03\/210211-Chazeuil-09-arbre-chene-solarise-300x225.jpg 300w, https:\/\/activrando.org\/AR_blog\/wp-content\/uploads\/2021\/03\/210211-Chazeuil-09-arbre-chene-solarise-768x576.jpg 768w\" sizes=\"(max-width: 1024px) 100vw, 1024px\" \/><figcaption>\u2026<br><br>\u2026<br><br>\u2026<\/figcaption><\/figure>\n\n\n\n<figure class=\"wp-block-image\"><img decoding=\"async\" loading=\"lazy\" width=\"1024\" height=\"683\" src=\"https:\/\/activrando.org\/AR_blog\/wp-content\/uploads\/2021\/03\/210211-Chazeuil-10-urinoir-1024x683.jpg\" alt=\"\" class=\"wp-image-2105\" srcset=\"https:\/\/activrando.org\/AR_blog\/wp-content\/uploads\/2021\/03\/210211-Chazeuil-10-urinoir.jpg 1024w, https:\/\/activrando.org\/AR_blog\/wp-content\/uploads\/2021\/03\/210211-Chazeuil-10-urinoir-300x200.jpg 300w, https:\/\/activrando.org\/AR_blog\/wp-content\/uploads\/2021\/03\/210211-Chazeuil-10-urinoir-768x512.jpg 768w\" sizes=\"(max-width: 1024px) 100vw, 1024px\" \/><figcaption><strong>Un urinoir tr\u00e8s rustique, mais fonctionnel dans cet environnement plat avec tr\u00e8s peu de v\u00e9g\u00e9tation protectrice des regards.<\/strong><br><br>\u2026<br><br>\u2026<\/figcaption><\/figure>\n\n\n\n<figure class=\"wp-block-image\"><img decoding=\"async\" loading=\"lazy\" width=\"1024\" height=\"512\" src=\"https:\/\/activrando.org\/AR_blog\/wp-content\/uploads\/2021\/03\/210211-Chazeuil-11-groupe-marche-1024x512.jpg\" alt=\"\" class=\"wp-image-2106\" srcset=\"https:\/\/activrando.org\/AR_blog\/wp-content\/uploads\/2021\/03\/210211-Chazeuil-11-groupe-marche.jpg 1024w, https:\/\/activrando.org\/AR_blog\/wp-content\/uploads\/2021\/03\/210211-Chazeuil-11-groupe-marche-300x150.jpg 300w, https:\/\/activrando.org\/AR_blog\/wp-content\/uploads\/2021\/03\/210211-Chazeuil-11-groupe-marche-768x384.jpg 768w\" sizes=\"(max-width: 1024px) 100vw, 1024px\" \/><figcaption>\u2026<br><br>\u2026<br><br>\u2026<\/figcaption><\/figure>\n\n\n\n<p class=\"has-text-align-center\"><strong> <a href=\"https:\/\/activrando.org\/AR_blog\/2021\/02\/09\/la-croix-jacob-rando-sante-a-serbannes-le-9-fev-2021\/\">&lt; &lt; &lt; ARTICLE PR\u00c9C\u00c9DENT<\/a> &#8212;&#8212;&#8212;&#8212;&#8212;&#8212;-  <a href=\"https:\/\/activrando.org\/AR_blog\/\">ACCUEIL DU BLOG<\/a> &#8212;&#8212;&#8212;&#8212;&#8212;&#8212;&#8212;-  <a href=\"https:\/\/activrando.org\/AR_blog\/2021\/02\/14\/le-rez-de-sol-journee-de-rando-au-depart-de-chateldon-dim-14-fev-2021\/\">ARTICLE SUIVANT > > ><\/a><\/strong><\/p>\n\n\n\n<p>.<br>.<\/p>\n","protected":false},"excerpt":{"rendered":"<p>Nous \u00e9voluerons durant ce parcours dans la grande plaine de Varennes-Forterre, un espace o\u00f9 s&rsquo;alternent des zones o\u00f9 la culture est possible et d&rsquo;autres laiss\u00e9es par n\u00e9cessit\u00e9 \u00e0 la for\u00eat ou aux pr\u00e9s d&rsquo;\u00e9levage. C&rsquo;est principalement ce type d&rsquo;environnement que nous verrons, la Gourmande \u00e9tant un lieu-dit situ\u00e9 \u00e0 l&rsquo;or\u00e9e&#8230;<\/p>\n","protected":false},"author":2,"featured_media":2138,"comment_status":"closed","ping_status":"closed","sticky":false,"template":"","format":"standard","meta":[],"categories":[2],"tags":[22,9],"_links":{"self":[{"href":"https:\/\/activrando.org\/AR_blog\/wp-json\/wp\/v2\/posts\/2095"}],"collection":[{"href":"https:\/\/activrando.org\/AR_blog\/wp-json\/wp\/v2\/posts"}],"about":[{"href":"https:\/\/activrando.org\/AR_blog\/wp-json\/wp\/v2\/types\/post"}],"author":[{"embeddable":true,"href":"https:\/\/activrando.org\/AR_blog\/wp-json\/wp\/v2\/users\/2"}],"replies":[{"embeddable":true,"href":"https:\/\/activrando.org\/AR_blog\/wp-json\/wp\/v2\/comments?post=2095"}],"version-history":[{"count":9,"href":"https:\/\/activrando.org\/AR_blog\/wp-json\/wp\/v2\/posts\/2095\/revisions"}],"predecessor-version":[{"id":3703,"href":"https:\/\/activrando.org\/AR_blog\/wp-json\/wp\/v2\/posts\/2095\/revisions\/3703"}],"wp:featuredmedia":[{"embeddable":true,"href":"https:\/\/activrando.org\/AR_blog\/wp-json\/wp\/v2\/media\/2138"}],"wp:attachment":[{"href":"https:\/\/activrando.org\/AR_blog\/wp-json\/wp\/v2\/media?parent=2095"}],"wp:term":[{"taxonomy":"category","embeddable":true,"href":"https:\/\/activrando.org\/AR_blog\/wp-json\/wp\/v2\/categories?post=2095"},{"taxonomy":"post_tag","embeddable":true,"href":"https:\/\/activrando.org\/AR_blog\/wp-json\/wp\/v2\/tags?post=2095"}],"curies":[{"name":"wp","href":"https:\/\/api.w.org\/{rel}","templated":true}]}}