{"id":1966,"date":"2021-02-07T21:47:08","date_gmt":"2021-02-07T20:47:08","guid":{"rendered":"http:\/\/activrando.org\/AR_blog\/?p=1966"},"modified":"2021-12-09T09:39:45","modified_gmt":"2021-12-09T08:39:45","slug":"les-jayots-journee-de-randonnee-a-barrais-bussolles-dim-7-fev-2021","status":"publish","type":"post","link":"https:\/\/activrando.org\/AR_blog\/2021\/02\/07\/les-jayots-journee-de-randonnee-a-barrais-bussolles-dim-7-fev-2021\/","title":{"rendered":"\u00a0\u00bbLes Jayots\u00a0\u00bb, randonn\u00e9e \u00e0 Barrais-Bussolles, dim. 7 f\u00e9v. 2021 (34 photos)"},"content":{"rendered":"\n<p class=\"has-text-align-left\"><strong>Nous sommes 12 au d\u00e9part de cette journ\u00e9e de randonn\u00e9e dans les reliefs au Sud-ouest de Barrais-Bussolles, pour un circuit de 22 km. Un pays de collines, qui sont les prolongements nord de la Montagne Bourbonnaise. Le village de Barrais-Bussolles, b\u00e2ti sur un des points-hauts,<\/strong> <strong>sera \u00e0 mi-chemin de notre circuit.<\/strong><\/p>\n\n\n\n<p>.<br>.<\/p>\n\n\n\n<p class=\"has-text-align-center\"><strong> <a href=\"https:\/\/activrando.org\/AR_blog\/2021\/02\/04\/la-crete-petite-randonnee-a-etroussat-mardi-4-fevrier-2021\/\">&lt; &lt; &lt; ARTICLE PR\u00c9C\u00c9DENT <\/a> &#8212;&#8212;&#8212;&#8212;&#8212;&#8212;-  <a href=\"https:\/\/activrando.org\/AR_blog\/\">ACCUEIL DU BLOG<\/a> &#8212;&#8212;&#8212;&#8212;&#8212;&#8212;&#8212;-  <a href=\"https:\/\/activrando.org\/AR_blog\/2021\/02\/09\/la-croix-jacob-rando-sante-a-serbannes-le-9-fev-2021\/\">ARTICLE SUIVANT > > ><\/a><\/strong><\/p>\n\n\n\n<p>.<br>.<\/p>\n\n\n\n<figure class=\"wp-block-image\"><img decoding=\"async\" loading=\"lazy\" width=\"1024\" height=\"779\" src=\"https:\/\/activrando.org\/AR_blog\/wp-content\/uploads\/2021\/02\/210207-Barrais-B-01-pont-romain-1024x779.jpg\" alt=\"\" class=\"wp-image-1967\" srcset=\"https:\/\/activrando.org\/AR_blog\/wp-content\/uploads\/2021\/02\/210207-Barrais-B-01-pont-romain.jpg 1024w, https:\/\/activrando.org\/AR_blog\/wp-content\/uploads\/2021\/02\/210207-Barrais-B-01-pont-romain-300x228.jpg 300w, https:\/\/activrando.org\/AR_blog\/wp-content\/uploads\/2021\/02\/210207-Barrais-B-01-pont-romain-768x584.jpg 768w\" sizes=\"(max-width: 1024px) 100vw, 1024px\" \/><figcaption><strong>Une version psych\u00e9d\u00e9lique* du Pont romain sur lequel nous passons en d\u00e9but de parcours&#8230;<br><br>* : Faute de soleil apparent, la lumi\u00e8re \u00e9tait grise et toutes couleurs de l&rsquo;image assez ternes&#8230; Cette version coloris\u00e9e donne une dimension plus onirique du lieu&#8230; \ud83d\ude09<\/strong><br><br>\u2026<br><br>\u2026<\/figcaption><\/figure>\n\n\n\n<div class=\"wp-block-image\"><figure class=\"aligncenter\"><img decoding=\"async\" loading=\"lazy\" width=\"923\" height=\"615\" src=\"https:\/\/activrando.org\/AR_blog\/wp-content\/uploads\/2021\/02\/210207-Barrais-B-02-groupe-marche.jpg\" alt=\"\" class=\"wp-image-1968\" srcset=\"https:\/\/activrando.org\/AR_blog\/wp-content\/uploads\/2021\/02\/210207-Barrais-B-02-groupe-marche.jpg 923w, https:\/\/activrando.org\/AR_blog\/wp-content\/uploads\/2021\/02\/210207-Barrais-B-02-groupe-marche-300x200.jpg 300w, https:\/\/activrando.org\/AR_blog\/wp-content\/uploads\/2021\/02\/210207-Barrais-B-02-groupe-marche-768x512.jpg 768w\" sizes=\"(max-width: 923px) 100vw, 923px\" \/><figcaption>\u2026<br><br>\u2026<br><br>\u2026<\/figcaption><\/figure><\/div>\n\n\n\n<figure class=\"wp-block-image\"><img decoding=\"async\" loading=\"lazy\" width=\"1024\" height=\"683\" src=\"https:\/\/activrando.org\/AR_blog\/wp-content\/uploads\/2021\/02\/210207-Barrais-B-03-mare-glycerie-flottante-1024x683.jpg\" alt=\"\" class=\"wp-image-1969\" srcset=\"https:\/\/activrando.org\/AR_blog\/wp-content\/uploads\/2021\/02\/210207-Barrais-B-03-mare-glycerie-flottante.jpg 1024w, https:\/\/activrando.org\/AR_blog\/wp-content\/uploads\/2021\/02\/210207-Barrais-B-03-mare-glycerie-flottante-300x200.jpg 300w, https:\/\/activrando.org\/AR_blog\/wp-content\/uploads\/2021\/02\/210207-Barrais-B-03-mare-glycerie-flottante-768x512.jpg 768w\" sizes=\"(max-width: 1024px) 100vw, 1024px\" \/><figcaption><strong>La glyc\u00e9rie flottante \u00e9tend sur la surface de la mare ses \u00e9ventails de feuilles \u00e9troites vert p\u00e2le.<\/strong><br><br>\u2026<\/figcaption><\/figure>\n\n\n\n<figure class=\"wp-block-image\"><img decoding=\"async\" loading=\"lazy\" width=\"1024\" height=\"768\" src=\"https:\/\/activrando.org\/AR_blog\/wp-content\/uploads\/2021\/02\/210207-Barrais-B-04-edifice-1024x768.jpg\" alt=\"\" class=\"wp-image-1970\" srcset=\"https:\/\/activrando.org\/AR_blog\/wp-content\/uploads\/2021\/02\/210207-Barrais-B-04-edifice.jpg 1024w, https:\/\/activrando.org\/AR_blog\/wp-content\/uploads\/2021\/02\/210207-Barrais-B-04-edifice-300x225.jpg 300w, https:\/\/activrando.org\/AR_blog\/wp-content\/uploads\/2021\/02\/210207-Barrais-B-04-edifice-768x576.jpg 768w\" sizes=\"(max-width: 1024px) 100vw, 1024px\" \/><figcaption><strong>Petites constructions destin\u00e9es aux animaux, dans le hameau de Juin<\/strong><br><br>\u2026<br><br>\u2026<\/figcaption><\/figure>\n\n\n\n<figure class=\"wp-block-image\"><img decoding=\"async\" loading=\"lazy\" width=\"1024\" height=\"683\" src=\"https:\/\/activrando.org\/AR_blog\/wp-content\/uploads\/2021\/02\/210207-Barrais-B-05-groupe-marche-1024x683.jpg\" alt=\"\" class=\"wp-image-1971\" srcset=\"https:\/\/activrando.org\/AR_blog\/wp-content\/uploads\/2021\/02\/210207-Barrais-B-05-groupe-marche.jpg 1024w, https:\/\/activrando.org\/AR_blog\/wp-content\/uploads\/2021\/02\/210207-Barrais-B-05-groupe-marche-300x200.jpg 300w, https:\/\/activrando.org\/AR_blog\/wp-content\/uploads\/2021\/02\/210207-Barrais-B-05-groupe-marche-768x512.jpg 768w\" sizes=\"(max-width: 1024px) 100vw, 1024px\" \/><figcaption>\u2026<br><br>\u2026<br><br>\u2026<\/figcaption><\/figure>\n\n\n\n<figure class=\"wp-block-image\"><img decoding=\"async\" loading=\"lazy\" width=\"1024\" height=\"683\" src=\"https:\/\/activrando.org\/AR_blog\/wp-content\/uploads\/2021\/02\/210207-Barrais-B-07-ruisseau-1024x683.jpg\" alt=\"\" class=\"wp-image-1973\" srcset=\"https:\/\/activrando.org\/AR_blog\/wp-content\/uploads\/2021\/02\/210207-Barrais-B-07-ruisseau.jpg 1024w, https:\/\/activrando.org\/AR_blog\/wp-content\/uploads\/2021\/02\/210207-Barrais-B-07-ruisseau-300x200.jpg 300w, https:\/\/activrando.org\/AR_blog\/wp-content\/uploads\/2021\/02\/210207-Barrais-B-07-ruisseau-768x512.jpg 768w\" sizes=\"(max-width: 1024px) 100vw, 1024px\" \/><figcaption><strong>Le Ruisseau de Maupas, qui sert l\u00e0 de limite territoriale entre Barrais-Bussolles et Droiturier et devient pr\u00e8s de l\u00e0 en aval la Petite T\u00e8che.<\/strong><br><br>\u2026<\/figcaption><\/figure>\n\n\n\n<figure class=\"wp-block-image\"><img decoding=\"async\" loading=\"lazy\" width=\"1024\" height=\"683\" src=\"https:\/\/activrando.org\/AR_blog\/wp-content\/uploads\/2021\/02\/210207-Barrais-B-06-groupe-marche-1024x683.jpg\" alt=\"\" class=\"wp-image-1972\" srcset=\"https:\/\/activrando.org\/AR_blog\/wp-content\/uploads\/2021\/02\/210207-Barrais-B-06-groupe-marche.jpg 1024w, https:\/\/activrando.org\/AR_blog\/wp-content\/uploads\/2021\/02\/210207-Barrais-B-06-groupe-marche-300x200.jpg 300w, https:\/\/activrando.org\/AR_blog\/wp-content\/uploads\/2021\/02\/210207-Barrais-B-06-groupe-marche-768x512.jpg 768w\" sizes=\"(max-width: 1024px) 100vw, 1024px\" \/><figcaption><strong>On remonte, vers les Jayots-des-bois.<\/strong><br><br>\u2026<\/figcaption><\/figure>\n\n\n\n<div class=\"wp-block-image\"><figure class=\"aligncenter\"><img decoding=\"async\" loading=\"lazy\" width=\"800\" height=\"640\" src=\"https:\/\/activrando.org\/AR_blog\/wp-content\/uploads\/2021\/02\/210207-Barrais-B-08-petite-porte.jpg\" alt=\"\" class=\"wp-image-1974\" srcset=\"https:\/\/activrando.org\/AR_blog\/wp-content\/uploads\/2021\/02\/210207-Barrais-B-08-petite-porte.jpg 800w, https:\/\/activrando.org\/AR_blog\/wp-content\/uploads\/2021\/02\/210207-Barrais-B-08-petite-porte-300x240.jpg 300w, https:\/\/activrando.org\/AR_blog\/wp-content\/uploads\/2021\/02\/210207-Barrais-B-08-petite-porte-768x614.jpg 768w\" sizes=\"(max-width: 800px) 100vw, 800px\" \/><figcaption><strong>Petite porte de cave (d&rsquo;une maison en ruine) aux Jayots-des-bois.<\/strong><br><br>\u2026<\/figcaption><\/figure><\/div>\n\n\n\n<figure class=\"wp-block-image\"><img decoding=\"async\" loading=\"lazy\" width=\"1024\" height=\"512\" src=\"https:\/\/activrando.org\/AR_blog\/wp-content\/uploads\/2021\/02\/210207-Barrais-B-09-groupe-marche-1024x512.jpg\" alt=\"\" class=\"wp-image-1975\" srcset=\"https:\/\/activrando.org\/AR_blog\/wp-content\/uploads\/2021\/02\/210207-Barrais-B-09-groupe-marche.jpg 1024w, https:\/\/activrando.org\/AR_blog\/wp-content\/uploads\/2021\/02\/210207-Barrais-B-09-groupe-marche-300x150.jpg 300w, https:\/\/activrando.org\/AR_blog\/wp-content\/uploads\/2021\/02\/210207-Barrais-B-09-groupe-marche-768x384.jpg 768w\" sizes=\"(max-width: 1024px) 100vw, 1024px\" \/><figcaption>\u2026<br><br>\u2026<br><br>\u2026<\/figcaption><\/figure>\n\n\n\n<figure class=\"wp-block-image\"><img decoding=\"async\" loading=\"lazy\" width=\"1024\" height=\"650\" src=\"https:\/\/activrando.org\/AR_blog\/wp-content\/uploads\/2021\/02\/210207-Barrais-B-11-etang-reflets-1-1024x650.jpg\" alt=\"\" class=\"wp-image-2010\" srcset=\"https:\/\/activrando.org\/AR_blog\/wp-content\/uploads\/2021\/02\/210207-Barrais-B-11-etang-reflets-1.jpg 1024w, https:\/\/activrando.org\/AR_blog\/wp-content\/uploads\/2021\/02\/210207-Barrais-B-11-etang-reflets-1-300x190.jpg 300w, https:\/\/activrando.org\/AR_blog\/wp-content\/uploads\/2021\/02\/210207-Barrais-B-11-etang-reflets-1-768x488.jpg 768w\" sizes=\"(max-width: 1024px) 100vw, 1024px\" \/><figcaption>\u2026<br><br>\u2026<br><br>\u2026<\/figcaption><\/figure>\n\n\n\n<figure class=\"wp-block-image\"><img decoding=\"async\" loading=\"lazy\" width=\"1024\" height=\"768\" src=\"https:\/\/activrando.org\/AR_blog\/wp-content\/uploads\/2021\/02\/210207-Barrais-B-12-voute-choeur-eglise-1024x768.jpg\" alt=\"\" class=\"wp-image-1978\" srcset=\"https:\/\/activrando.org\/AR_blog\/wp-content\/uploads\/2021\/02\/210207-Barrais-B-12-voute-choeur-eglise.jpg 1024w, https:\/\/activrando.org\/AR_blog\/wp-content\/uploads\/2021\/02\/210207-Barrais-B-12-voute-choeur-eglise-300x225.jpg 300w, https:\/\/activrando.org\/AR_blog\/wp-content\/uploads\/2021\/02\/210207-Barrais-B-12-voute-choeur-eglise-768x576.jpg 768w\" sizes=\"(max-width: 1024px) 100vw, 1024px\" \/><figcaption><strong>La voute de la nef de l&rsquo;\u00e9glise de Barrais-Bussolles. A notre arriv\u00e9e la messe prenait fin et les participants sortaient de l&rsquo;\u00e9glise.<\/strong><br><strong>C&rsquo;est gr\u00e2ce \u00e0 cette heureuse synchronicit\u00e9 que nous en avons trouv\u00e9e la porte ouverte et pu visiter le lieu.<\/strong><br><br>\u2026<\/figcaption><\/figure>\n\n\n\n<div class=\"wp-block-image\"><figure class=\"aligncenter\"><img decoding=\"async\" loading=\"lazy\" width=\"800\" height=\"1000\" src=\"https:\/\/activrando.org\/AR_blog\/wp-content\/uploads\/2021\/02\/210207-Barrais-B-13-reliquaire-St-Christophe.jpg\" alt=\"\" class=\"wp-image-1979\" srcset=\"https:\/\/activrando.org\/AR_blog\/wp-content\/uploads\/2021\/02\/210207-Barrais-B-13-reliquaire-St-Christophe.jpg 800w, https:\/\/activrando.org\/AR_blog\/wp-content\/uploads\/2021\/02\/210207-Barrais-B-13-reliquaire-St-Christophe-240x300.jpg 240w, https:\/\/activrando.org\/AR_blog\/wp-content\/uploads\/2021\/02\/210207-Barrais-B-13-reliquaire-St-Christophe-768x960.jpg 768w\" sizes=\"(max-width: 800px) 100vw, 800px\" \/><figcaption><strong>Reliquaire d\u00e9di\u00e9 \u00e0 Saint-Christophe, dont la statue est bien reconnaissable car il porte l&rsquo;enfant au-dessus des flots.<\/strong><br><br>\u2026<\/figcaption><\/figure><\/div>\n\n\n\n<figure class=\"wp-block-image\"><img decoding=\"async\" loading=\"lazy\" width=\"1024\" height=\"607\" src=\"https:\/\/activrando.org\/AR_blog\/wp-content\/uploads\/2021\/02\/210207-Barrais-B-14-eglise-vitrail-1024x607.jpg\" alt=\"\" class=\"wp-image-1980\" srcset=\"https:\/\/activrando.org\/AR_blog\/wp-content\/uploads\/2021\/02\/210207-Barrais-B-14-eglise-vitrail.jpg 1024w, https:\/\/activrando.org\/AR_blog\/wp-content\/uploads\/2021\/02\/210207-Barrais-B-14-eglise-vitrail-300x178.jpg 300w, https:\/\/activrando.org\/AR_blog\/wp-content\/uploads\/2021\/02\/210207-Barrais-B-14-eglise-vitrail-768x455.jpg 768w\" sizes=\"(max-width: 1024px) 100vw, 1024px\" \/><figcaption><strong>Le vitrail au-dessus de la porte d&rsquo;entr\u00e9e. Les attributs figurant au centre sont ceux d&rsquo;un archev\u00eaque.<\/strong><br><br>\u2026<\/figcaption><\/figure>\n\n\n\n<div class=\"wp-block-image\"><figure class=\"aligncenter\"><img decoding=\"async\" loading=\"lazy\" width=\"800\" height=\"1000\" src=\"https:\/\/activrando.org\/AR_blog\/wp-content\/uploads\/2021\/02\/210207-Barrais-B-15-eglise-entree-chien.jpg\" alt=\"\" class=\"wp-image-1981\" srcset=\"https:\/\/activrando.org\/AR_blog\/wp-content\/uploads\/2021\/02\/210207-Barrais-B-15-eglise-entree-chien.jpg 800w, https:\/\/activrando.org\/AR_blog\/wp-content\/uploads\/2021\/02\/210207-Barrais-B-15-eglise-entree-chien-240x300.jpg 240w, https:\/\/activrando.org\/AR_blog\/wp-content\/uploads\/2021\/02\/210207-Barrais-B-15-eglise-entree-chien-768x960.jpg 768w\" sizes=\"(max-width: 800px) 100vw, 800px\" \/><figcaption>\u2026<br><br>\u2026<\/figcaption><\/figure><\/div>\n\n\n\n<figure class=\"wp-block-image\"><img decoding=\"async\" loading=\"lazy\" width=\"1024\" height=\"768\" src=\"https:\/\/activrando.org\/AR_blog\/wp-content\/uploads\/2021\/02\/210207-Barrais-B-16-puit-1024x768.jpg\" alt=\"\" class=\"wp-image-1982\" srcset=\"https:\/\/activrando.org\/AR_blog\/wp-content\/uploads\/2021\/02\/210207-Barrais-B-16-puit.jpg 1024w, https:\/\/activrando.org\/AR_blog\/wp-content\/uploads\/2021\/02\/210207-Barrais-B-16-puit-300x225.jpg 300w, https:\/\/activrando.org\/AR_blog\/wp-content\/uploads\/2021\/02\/210207-Barrais-B-16-puit-768x576.jpg 768w\" sizes=\"(max-width: 1024px) 100vw, 1024px\" \/><figcaption>\u2026<br><br>\u2026<\/figcaption><\/figure>\n\n\n\n<figure class=\"wp-block-image\"><img decoding=\"async\" loading=\"lazy\" width=\"1024\" height=\"512\" src=\"https:\/\/activrando.org\/AR_blog\/wp-content\/uploads\/2021\/02\/210207-Barrais-B-17-forge-1024x512.jpg\" alt=\"\" class=\"wp-image-1983\" srcset=\"https:\/\/activrando.org\/AR_blog\/wp-content\/uploads\/2021\/02\/210207-Barrais-B-17-forge.jpg 1024w, https:\/\/activrando.org\/AR_blog\/wp-content\/uploads\/2021\/02\/210207-Barrais-B-17-forge-300x150.jpg 300w, https:\/\/activrando.org\/AR_blog\/wp-content\/uploads\/2021\/02\/210207-Barrais-B-17-forge-768x384.jpg 768w\" sizes=\"(max-width: 1024px) 100vw, 1024px\" \/><figcaption><strong>L&rsquo;aspect ext\u00e9rieur caract\u00e9ristique d&rsquo;une forge, fa\u00e7on \u00a0\u00bbd\u00e9but du XXe\u00a0\u00bb<\/strong><br><br>\u2026<br>\u2026<\/figcaption><\/figure>\n\n\n\n<figure class=\"wp-block-image\"><img decoding=\"async\" loading=\"lazy\" width=\"1024\" height=\"682\" src=\"https:\/\/activrando.org\/AR_blog\/wp-content\/uploads\/2021\/02\/210207-Barrais-B-18-forge-1024x682.jpg\" alt=\"\" class=\"wp-image-1984\" srcset=\"https:\/\/activrando.org\/AR_blog\/wp-content\/uploads\/2021\/02\/210207-Barrais-B-18-forge.jpg 1024w, https:\/\/activrando.org\/AR_blog\/wp-content\/uploads\/2021\/02\/210207-Barrais-B-18-forge-300x200.jpg 300w, https:\/\/activrando.org\/AR_blog\/wp-content\/uploads\/2021\/02\/210207-Barrais-B-18-forge-768x512.jpg 768w\" sizes=\"(max-width: 1024px) 100vw, 1024px\" \/><figcaption><strong>Une autre partie de la fa\u00e7ade de la forge.<\/strong><br><br>\u2026<br><br>\u2026<\/figcaption><\/figure>\n\n\n\n<figure class=\"wp-block-image\"><img decoding=\"async\" loading=\"lazy\" width=\"1024\" height=\"768\" src=\"https:\/\/activrando.org\/AR_blog\/wp-content\/uploads\/2021\/02\/210207-Barrais-B-19-groupe-pause-1024x768.jpg\" alt=\"\" class=\"wp-image-1985\" srcset=\"https:\/\/activrando.org\/AR_blog\/wp-content\/uploads\/2021\/02\/210207-Barrais-B-19-groupe-pause.jpg 1024w, https:\/\/activrando.org\/AR_blog\/wp-content\/uploads\/2021\/02\/210207-Barrais-B-19-groupe-pause-300x225.jpg 300w, https:\/\/activrando.org\/AR_blog\/wp-content\/uploads\/2021\/02\/210207-Barrais-B-19-groupe-pause-768x576.jpg 768w\" sizes=\"(max-width: 1024px) 100vw, 1024px\" \/><figcaption><strong>Cette modeste grange nous a abrit\u00e9s du vent pour le temps d&rsquo;un rapide casse-cro\u00fbte, mais il fait froid  et nous allons repartir assez rapidement.<\/strong><br><br>\u2026<\/figcaption><\/figure>\n\n\n\n<figure class=\"wp-block-image\"><img decoding=\"async\" loading=\"lazy\" width=\"1024\" height=\"768\" src=\"https:\/\/activrando.org\/AR_blog\/wp-content\/uploads\/2021\/02\/210207-Barrais-B-20-arbre-chene-1024x768.jpg\" alt=\"\" class=\"wp-image-1986\" srcset=\"https:\/\/activrando.org\/AR_blog\/wp-content\/uploads\/2021\/02\/210207-Barrais-B-20-arbre-chene.jpg 1024w, https:\/\/activrando.org\/AR_blog\/wp-content\/uploads\/2021\/02\/210207-Barrais-B-20-arbre-chene-300x225.jpg 300w, https:\/\/activrando.org\/AR_blog\/wp-content\/uploads\/2021\/02\/210207-Barrais-B-20-arbre-chene-768x576.jpg 768w\" sizes=\"(max-width: 1024px) 100vw, 1024px\" \/><figcaption><strong>Les bovins aiment de frotter aux arbres et l&rsquo;\u00e9corce des ch\u00e2taigniers, avec son relief tr\u00e8s marqu\u00e9, doit leur sembler un bon grattoir de cou, de t\u00eate, de flanc&#8230; <\/strong><br><strong>Mais petit \u00e0 petit cette \u00e9corce s&rsquo;est cass\u00e9e sur toute la circonf\u00e9rence et l&rsquo;arbre, priv\u00e9 de cette indispensable protection de sa zone de croissance, va mourir<\/strong><br><strong>bien plus t\u00f4t qu&rsquo;il aurait d\u00fb s&rsquo;il avait \u00e9t\u00e9 prot\u00e9g\u00e9.<\/strong><br><br>\u2026<\/figcaption><\/figure>\n\n\n\n<figure class=\"wp-block-image\"><img decoding=\"async\" loading=\"lazy\" width=\"1024\" height=\"768\" src=\"https:\/\/activrando.org\/AR_blog\/wp-content\/uploads\/2021\/02\/210207-Barrais-B-21-champignon-1024x768.jpg\" alt=\"\" class=\"wp-image-1987\" srcset=\"https:\/\/activrando.org\/AR_blog\/wp-content\/uploads\/2021\/02\/210207-Barrais-B-21-champignon.jpg 1024w, https:\/\/activrando.org\/AR_blog\/wp-content\/uploads\/2021\/02\/210207-Barrais-B-21-champignon-300x225.jpg 300w, https:\/\/activrando.org\/AR_blog\/wp-content\/uploads\/2021\/02\/210207-Barrais-B-21-champignon-768x576.jpg 768w\" sizes=\"(max-width: 1024px) 100vw, 1024px\" \/><figcaption><strong>Un curieux champignon au pied d&rsquo;un r\u00e9sineux.<\/strong><br><br>\u2026<\/figcaption><\/figure>\n\n\n\n<figure class=\"wp-block-image\"><img decoding=\"async\" loading=\"lazy\" width=\"1024\" height=\"512\" src=\"https:\/\/activrando.org\/AR_blog\/wp-content\/uploads\/2021\/02\/210207-Barrais-B-22-groupe-marche-1024x512.jpg\" alt=\"\" class=\"wp-image-1988\" srcset=\"https:\/\/activrando.org\/AR_blog\/wp-content\/uploads\/2021\/02\/210207-Barrais-B-22-groupe-marche.jpg 1024w, https:\/\/activrando.org\/AR_blog\/wp-content\/uploads\/2021\/02\/210207-Barrais-B-22-groupe-marche-300x150.jpg 300w, https:\/\/activrando.org\/AR_blog\/wp-content\/uploads\/2021\/02\/210207-Barrais-B-22-groupe-marche-768x384.jpg 768w\" sizes=\"(max-width: 1024px) 100vw, 1024px\" \/><figcaption>\u2026<br><br>\u2026<\/figcaption><\/figure>\n\n\n\n<figure class=\"wp-block-image\"><img decoding=\"async\" loading=\"lazy\" width=\"1024\" height=\"512\" src=\"https:\/\/activrando.org\/AR_blog\/wp-content\/uploads\/2021\/02\/210207-Barrais-B-23-ruisseau-1024x512.jpg\" alt=\"\" class=\"wp-image-1989\" srcset=\"https:\/\/activrando.org\/AR_blog\/wp-content\/uploads\/2021\/02\/210207-Barrais-B-23-ruisseau.jpg 1024w, https:\/\/activrando.org\/AR_blog\/wp-content\/uploads\/2021\/02\/210207-Barrais-B-23-ruisseau-300x150.jpg 300w, https:\/\/activrando.org\/AR_blog\/wp-content\/uploads\/2021\/02\/210207-Barrais-B-23-ruisseau-768x384.jpg 768w\" sizes=\"(max-width: 1024px) 100vw, 1024px\" \/><figcaption><strong>Le ruisseau de Gerban, bien gonfl\u00e9 par les pluies des derni\u00e8res semaines.<\/strong><br><br>\u2026<br><br>\u2026<\/figcaption><\/figure>\n\n\n\n<figure class=\"wp-block-image\"><img decoding=\"async\" loading=\"lazy\" width=\"1024\" height=\"682\" src=\"https:\/\/activrando.org\/AR_blog\/wp-content\/uploads\/2021\/02\/210207-Barrais-B-24-foret-1024x682.jpg\" alt=\"\" class=\"wp-image-1990\" srcset=\"https:\/\/activrando.org\/AR_blog\/wp-content\/uploads\/2021\/02\/210207-Barrais-B-24-foret.jpg 1024w, https:\/\/activrando.org\/AR_blog\/wp-content\/uploads\/2021\/02\/210207-Barrais-B-24-foret-300x200.jpg 300w, https:\/\/activrando.org\/AR_blog\/wp-content\/uploads\/2021\/02\/210207-Barrais-B-24-foret-768x512.jpg 768w\" sizes=\"(max-width: 1024px) 100vw, 1024px\" \/><figcaption><strong>Au pied de ces conif\u00e8res -dont beaucoup doivent \u00eatre des Douglas- il pousse beaucoup de juv\u00e9niles, contrairement \u00e0 de nombreuses plantations denses d&rsquo;\u00e9pic\u00e9as<\/strong><br><strong>sous lesquelles rien ne pousse du fait du manque de lumi\u00e8re.<\/strong><br><br>\u2026<\/figcaption><\/figure>\n\n\n\n<figure class=\"wp-block-image\"><img decoding=\"async\" loading=\"lazy\" width=\"1024\" height=\"683\" src=\"https:\/\/activrando.org\/AR_blog\/wp-content\/uploads\/2021\/02\/210207-Barrais-B-25-groupe-marche-1024x683.jpg\" alt=\"\" class=\"wp-image-1991\" srcset=\"https:\/\/activrando.org\/AR_blog\/wp-content\/uploads\/2021\/02\/210207-Barrais-B-25-groupe-marche.jpg 1024w, https:\/\/activrando.org\/AR_blog\/wp-content\/uploads\/2021\/02\/210207-Barrais-B-25-groupe-marche-300x200.jpg 300w, https:\/\/activrando.org\/AR_blog\/wp-content\/uploads\/2021\/02\/210207-Barrais-B-25-groupe-marche-768x512.jpg 768w\" sizes=\"(max-width: 1024px) 100vw, 1024px\" \/><figcaption>\u2026<br><br>\u2026<\/figcaption><\/figure>\n\n\n\n<figure class=\"wp-block-image\"><img decoding=\"async\" loading=\"lazy\" width=\"1024\" height=\"768\" src=\"https:\/\/activrando.org\/AR_blog\/wp-content\/uploads\/2021\/02\/210207-Barrais-B-26-chapelle-1024x768.jpg\" alt=\"\" class=\"wp-image-1992\" srcset=\"https:\/\/activrando.org\/AR_blog\/wp-content\/uploads\/2021\/02\/210207-Barrais-B-26-chapelle.jpg 1024w, https:\/\/activrando.org\/AR_blog\/wp-content\/uploads\/2021\/02\/210207-Barrais-B-26-chapelle-300x225.jpg 300w, https:\/\/activrando.org\/AR_blog\/wp-content\/uploads\/2021\/02\/210207-Barrais-B-26-chapelle-768x576.jpg 768w\" sizes=\"(max-width: 1024px) 100vw, 1024px\" \/><figcaption><strong>Une chapelle proche du Ch\u00e2teau de Bussolles et qui devait en d\u00e9pendre.<\/strong><br><br>\u2026<\/figcaption><\/figure>\n\n\n\n<figure class=\"wp-block-image\"><img decoding=\"async\" loading=\"lazy\" width=\"1024\" height=\"768\" src=\"https:\/\/activrando.org\/AR_blog\/wp-content\/uploads\/2021\/02\/210207-Barrais-B-27-chateau-Bussolles-1024x768.jpg\" alt=\"\" class=\"wp-image-1993\" srcset=\"https:\/\/activrando.org\/AR_blog\/wp-content\/uploads\/2021\/02\/210207-Barrais-B-27-chateau-Bussolles.jpg 1024w, https:\/\/activrando.org\/AR_blog\/wp-content\/uploads\/2021\/02\/210207-Barrais-B-27-chateau-Bussolles-300x225.jpg 300w, https:\/\/activrando.org\/AR_blog\/wp-content\/uploads\/2021\/02\/210207-Barrais-B-27-chateau-Bussolles-768x576.jpg 768w\" sizes=\"(max-width: 1024px) 100vw, 1024px\" \/><figcaption><strong>Le Ch\u00e2teau de Bussolles<\/strong><br><br>\u2026<\/figcaption><\/figure>\n\n\n\n<figure class=\"wp-block-image\"><img decoding=\"async\" loading=\"lazy\" width=\"1024\" height=\"683\" src=\"https:\/\/activrando.org\/AR_blog\/wp-content\/uploads\/2021\/02\/210207-Barrais-B-28-cascade-moulin-Bussolles-1024x683.jpg\" alt=\"\" class=\"wp-image-1994\" srcset=\"https:\/\/activrando.org\/AR_blog\/wp-content\/uploads\/2021\/02\/210207-Barrais-B-28-cascade-moulin-Bussolles.jpg 1024w, https:\/\/activrando.org\/AR_blog\/wp-content\/uploads\/2021\/02\/210207-Barrais-B-28-cascade-moulin-Bussolles-300x200.jpg 300w, https:\/\/activrando.org\/AR_blog\/wp-content\/uploads\/2021\/02\/210207-Barrais-B-28-cascade-moulin-Bussolles-768x512.jpg 768w\" sizes=\"(max-width: 1024px) 100vw, 1024px\" \/><figcaption><strong>Le trop-plein de l&rsquo;\u00e9tang du moulin de Bussolles.<\/strong><br><br>\u2026<\/figcaption><\/figure>\n\n\n\n<figure class=\"wp-block-image\"><img decoding=\"async\" loading=\"lazy\" width=\"1024\" height=\"333\" src=\"https:\/\/activrando.org\/AR_blog\/wp-content\/uploads\/2021\/02\/210207-Barrais-B-29-caniveau-train-de-bulles-1024x333.jpg\" alt=\"\" class=\"wp-image-1995\" srcset=\"https:\/\/activrando.org\/AR_blog\/wp-content\/uploads\/2021\/02\/210207-Barrais-B-29-caniveau-train-de-bulles.jpg 1024w, https:\/\/activrando.org\/AR_blog\/wp-content\/uploads\/2021\/02\/210207-Barrais-B-29-caniveau-train-de-bulles-300x98.jpg 300w, https:\/\/activrando.org\/AR_blog\/wp-content\/uploads\/2021\/02\/210207-Barrais-B-29-caniveau-train-de-bulles-768x250.jpg 768w\" sizes=\"(max-width: 1024px) 100vw, 1024px\" \/><figcaption><strong>Un train de bulles dans le caniveau, g\u00e9n\u00e9r\u00e9 par une acc\u00e9l\u00e9ration de l&rsquo;eau d\u00fbe \u00e0 une petite pente, sur quelques dizaines de cm.<\/strong><br><br>\u2026<\/figcaption><\/figure>\n\n\n\n<figure class=\"wp-block-image\"><img decoding=\"async\" loading=\"lazy\" width=\"1024\" height=\"768\" src=\"https:\/\/activrando.org\/AR_blog\/wp-content\/uploads\/2021\/02\/210207-Barrais-B-29-souche-champignons-1024x768.jpg\" alt=\"\" class=\"wp-image-1996\" srcset=\"https:\/\/activrando.org\/AR_blog\/wp-content\/uploads\/2021\/02\/210207-Barrais-B-29-souche-champignons.jpg 1024w, https:\/\/activrando.org\/AR_blog\/wp-content\/uploads\/2021\/02\/210207-Barrais-B-29-souche-champignons-300x225.jpg 300w, https:\/\/activrando.org\/AR_blog\/wp-content\/uploads\/2021\/02\/210207-Barrais-B-29-souche-champignons-768x576.jpg 768w\" sizes=\"(max-width: 1024px) 100vw, 1024px\" \/><figcaption>\u2026<br><br>\u2026<\/figcaption><\/figure>\n\n\n\n<figure class=\"wp-block-image\"><img decoding=\"async\" loading=\"lazy\" width=\"1024\" height=\"512\" src=\"https:\/\/activrando.org\/AR_blog\/wp-content\/uploads\/2021\/02\/210207-Barrais-B-30-groupe-pause-1024x512.jpg\" alt=\"\" class=\"wp-image-1997\" srcset=\"https:\/\/activrando.org\/AR_blog\/wp-content\/uploads\/2021\/02\/210207-Barrais-B-30-groupe-pause.jpg 1024w, https:\/\/activrando.org\/AR_blog\/wp-content\/uploads\/2021\/02\/210207-Barrais-B-30-groupe-pause-300x150.jpg 300w, https:\/\/activrando.org\/AR_blog\/wp-content\/uploads\/2021\/02\/210207-Barrais-B-30-groupe-pause-768x384.jpg 768w\" sizes=\"(max-width: 1024px) 100vw, 1024px\" \/><figcaption>\u2026<br><br>\u2026<\/figcaption><\/figure>\n\n\n\n<figure class=\"wp-block-image\"><img decoding=\"async\" loading=\"lazy\" width=\"1024\" height=\"512\" src=\"https:\/\/activrando.org\/AR_blog\/wp-content\/uploads\/2021\/02\/210207-Barrais-B-31-groupe-pause-1024x512.jpg\" alt=\"\" class=\"wp-image-1998\" srcset=\"https:\/\/activrando.org\/AR_blog\/wp-content\/uploads\/2021\/02\/210207-Barrais-B-31-groupe-pause.jpg 1024w, https:\/\/activrando.org\/AR_blog\/wp-content\/uploads\/2021\/02\/210207-Barrais-B-31-groupe-pause-300x150.jpg 300w, https:\/\/activrando.org\/AR_blog\/wp-content\/uploads\/2021\/02\/210207-Barrais-B-31-groupe-pause-768x384.jpg 768w\" sizes=\"(max-width: 1024px) 100vw, 1024px\" \/><figcaption><strong>Hum, petit probl\u00e8me de mise-au-point&#8230; mais l&rsquo;esprit joyeux de l&rsquo;instant reste bien visible.<\/strong><br><br>\u2026<\/figcaption><\/figure>\n\n\n\n<p class=\"has-text-align-center\"><strong>Et voil\u00e0, nous sommes revenus au point de d\u00e9part de notre parcours.<\/strong><\/p>\n\n\n\n<p>.<br>.<\/p>\n\n\n\n<p class=\"has-text-align-center\"><strong> <a href=\"https:\/\/activrando.org\/AR_blog\/2021\/02\/04\/la-crete-petite-randonnee-a-etroussat-mardi-4-fevrier-2021\/\">&lt; &lt; &lt; ARTICLE PR\u00c9C\u00c9DENT <\/a> &#8212;&#8212;&#8212;&#8212;&#8212;&#8212;-  <a href=\"https:\/\/activrando.org\/AR_blog\/\">ACCUEIL DU BLOG<\/a> &#8212;&#8212;&#8212;&#8212;&#8212;&#8212;&#8212;-  <a href=\"https:\/\/activrando.org\/AR_blog\/2021\/02\/09\/la-croix-jacob-rando-sante-a-serbannes-le-9-fev-2021\/\">ARTICLE SUIVANT > > ><\/a><\/strong><\/p>\n\n\n\n<p>.<br>.<\/p>\n","protected":false},"excerpt":{"rendered":"<p>Nous sommes 12 au d\u00e9part de cette journ\u00e9e de randonn\u00e9e dans les reliefs au Sud-ouest de Barrais-Bussolles, pour un circuit de 22 km. Un pays de collines, qui sont les prolongements nord de la Montagne Bourbonnaise. Le village de Barrais-Bussolles, b\u00e2ti sur un des points-hauts, sera \u00e0 mi-chemin de notre&#8230;<\/p>\n","protected":false},"author":2,"featured_media":2082,"comment_status":"closed","ping_status":"closed","sticky":false,"template":"","format":"standard","meta":[],"categories":[2],"tags":[11,8,22,15],"_links":{"self":[{"href":"https:\/\/activrando.org\/AR_blog\/wp-json\/wp\/v2\/posts\/1966"}],"collection":[{"href":"https:\/\/activrando.org\/AR_blog\/wp-json\/wp\/v2\/posts"}],"about":[{"href":"https:\/\/activrando.org\/AR_blog\/wp-json\/wp\/v2\/types\/post"}],"author":[{"embeddable":true,"href":"https:\/\/activrando.org\/AR_blog\/wp-json\/wp\/v2\/users\/2"}],"replies":[{"embeddable":true,"href":"https:\/\/activrando.org\/AR_blog\/wp-json\/wp\/v2\/comments?post=1966"}],"version-history":[{"count":27,"href":"https:\/\/activrando.org\/AR_blog\/wp-json\/wp\/v2\/posts\/1966\/revisions"}],"predecessor-version":[{"id":3706,"href":"https:\/\/activrando.org\/AR_blog\/wp-json\/wp\/v2\/posts\/1966\/revisions\/3706"}],"wp:featuredmedia":[{"embeddable":true,"href":"https:\/\/activrando.org\/AR_blog\/wp-json\/wp\/v2\/media\/2082"}],"wp:attachment":[{"href":"https:\/\/activrando.org\/AR_blog\/wp-json\/wp\/v2\/media?parent=1966"}],"wp:term":[{"taxonomy":"category","embeddable":true,"href":"https:\/\/activrando.org\/AR_blog\/wp-json\/wp\/v2\/categories?post=1966"},{"taxonomy":"post_tag","embeddable":true,"href":"https:\/\/activrando.org\/AR_blog\/wp-json\/wp\/v2\/tags?post=1966"}],"curies":[{"name":"wp","href":"https:\/\/api.w.org\/{rel}","templated":true}]}}