{"id":1916,"date":"2021-01-21T23:11:51","date_gmt":"2021-01-21T22:11:51","guid":{"rendered":"http:\/\/activrando.org\/AR_blog\/?p=1916"},"modified":"2021-03-14T23:10:11","modified_gmt":"2021-03-14T22:10:11","slug":"les-acacias-petite-randonnee-a-isserpent-jeudi-21-janv-2021","status":"publish","type":"post","link":"https:\/\/activrando.org\/AR_blog\/2021\/01\/21\/les-acacias-petite-randonnee-a-isserpent-jeudi-21-janv-2021\/","title":{"rendered":"\u00a0\u00bbLes Acacias\u00a0\u00bb, petite randonn\u00e9e \u00e0 Isserpent, jeudi 21 janv. 2021 (6 photos)"},"content":{"rendered":"\n<p><strong>Petit temps doux et venteux pour cette balade dans une sorte de bocage et essentiellement d\u00e9di\u00e9 \u00e0 l&rsquo;\u00e9levage. Par l\u00e0 passait une voie du tacot que l&rsquo;on a laiss\u00e9 se perdre compl\u00e9tement et dont le profil est m\u00eame difficile \u00e0 retrouver sur le terrain. Et des chemins eux-m\u00eames, beaucoup ont \u00e9t\u00e9 c\u00e9d\u00e9s au priv\u00e9 et ne nous sont plus accessibles.<\/strong><\/p>\n\n\n\n<p style=\"text-align:center\"><strong><a href=\"https:\/\/activrando.org\/AR_blog\/2021\/01\/19\/la-pierriere-a-billezois-mardi-12-janvier-2021\/\">&lt; &lt; &lt; ARTICLE PR\u00c9C\u00c9DENT <\/a> &#8212;&#8212;&#8212;&#8212;&#8212;&#8212;-  <a href=\"https:\/\/activrando.org\/AR_blog\/\">ACCUEIL DU BLOG<\/a> &#8212;&#8212;&#8212;&#8212;&#8212;&#8212;&#8212;-  <a href=\"https:\/\/activrando.org\/AR_blog\/2021\/01\/24\/le-chatelard-a-chouvigny-le-24-janv-2021\/\">ARTICLE SUIVANT &gt; &gt; &gt;<\/a><\/strong><\/p>\n\n\n\n<figure class=\"wp-block-image\"><img decoding=\"async\" loading=\"lazy\" width=\"1024\" height=\"683\" src=\"https:\/\/activrando.org\/AR_blog\/wp-content\/uploads\/2021\/02\/210114-Isserpent-01-groupe-marche-1024x683.jpg\" alt=\"\" class=\"wp-image-1917\" srcset=\"https:\/\/activrando.org\/AR_blog\/wp-content\/uploads\/2021\/02\/210114-Isserpent-01-groupe-marche.jpg 1024w, https:\/\/activrando.org\/AR_blog\/wp-content\/uploads\/2021\/02\/210114-Isserpent-01-groupe-marche-300x200.jpg 300w, https:\/\/activrando.org\/AR_blog\/wp-content\/uploads\/2021\/02\/210114-Isserpent-01-groupe-marche-768x512.jpg 768w\" sizes=\"(max-width: 1024px) 100vw, 1024px\" \/><\/figure>\n\n\n\n<figure class=\"wp-block-image\"><img decoding=\"async\" loading=\"lazy\" width=\"1024\" height=\"768\" src=\"https:\/\/activrando.org\/AR_blog\/wp-content\/uploads\/2021\/02\/210114-Isserpent-02-groupe-marche-1024x768.jpg\" alt=\"\" class=\"wp-image-1918\" srcset=\"https:\/\/activrando.org\/AR_blog\/wp-content\/uploads\/2021\/02\/210114-Isserpent-02-groupe-marche.jpg 1024w, https:\/\/activrando.org\/AR_blog\/wp-content\/uploads\/2021\/02\/210114-Isserpent-02-groupe-marche-300x225.jpg 300w, https:\/\/activrando.org\/AR_blog\/wp-content\/uploads\/2021\/02\/210114-Isserpent-02-groupe-marche-768x576.jpg 768w\" sizes=\"(max-width: 1024px) 100vw, 1024px\" \/><\/figure>\n\n\n\n<figure class=\"wp-block-image\"><img decoding=\"async\" loading=\"lazy\" width=\"1024\" height=\"768\" src=\"https:\/\/activrando.org\/AR_blog\/wp-content\/uploads\/2021\/02\/210114-Isserpent-03-fil-telephone-1024x768.jpg\" alt=\"\" class=\"wp-image-1919\" srcset=\"https:\/\/activrando.org\/AR_blog\/wp-content\/uploads\/2021\/02\/210114-Isserpent-03-fil-telephone.jpg 1024w, https:\/\/activrando.org\/AR_blog\/wp-content\/uploads\/2021\/02\/210114-Isserpent-03-fil-telephone-300x225.jpg 300w, https:\/\/activrando.org\/AR_blog\/wp-content\/uploads\/2021\/02\/210114-Isserpent-03-fil-telephone-768x576.jpg 768w\" sizes=\"(max-width: 1024px) 100vw, 1024px\" \/><figcaption><strong>Dans ce secteur nous avons vu \u00e0 plusieurs endroits des fils t\u00e9l\u00e9phoniques en situation d\u00e9licate apr\u00e8s que leur poteau soit cass\u00e9 ou des branches tomb\u00e9es sur eux, comme si les r\u00e9parations tardaient ici beaucoup \u00e0 venir.<\/strong><\/figcaption><\/figure>\n\n\n\n<figure class=\"wp-block-image\"><img decoding=\"async\" loading=\"lazy\" width=\"1024\" height=\"512\" src=\"https:\/\/activrando.org\/AR_blog\/wp-content\/uploads\/2021\/02\/210114-Isserpent-04-chevaux-anes-1024x512.jpg\" alt=\"\" class=\"wp-image-1920\" srcset=\"https:\/\/activrando.org\/AR_blog\/wp-content\/uploads\/2021\/02\/210114-Isserpent-04-chevaux-anes.jpg 1024w, https:\/\/activrando.org\/AR_blog\/wp-content\/uploads\/2021\/02\/210114-Isserpent-04-chevaux-anes-300x150.jpg 300w, https:\/\/activrando.org\/AR_blog\/wp-content\/uploads\/2021\/02\/210114-Isserpent-04-chevaux-anes-768x384.jpg 768w\" sizes=\"(max-width: 1024px) 100vw, 1024px\" \/><figcaption>\u2026<br><br>\u2026<\/figcaption><\/figure>\n\n\n\n<figure class=\"wp-block-image\"><img decoding=\"async\" loading=\"lazy\" width=\"1024\" height=\"683\" src=\"https:\/\/activrando.org\/AR_blog\/wp-content\/uploads\/2021\/02\/210114-Isserpent-05-etang-arbres-1024x683.jpg\" alt=\"\" class=\"wp-image-1921\" srcset=\"https:\/\/activrando.org\/AR_blog\/wp-content\/uploads\/2021\/02\/210114-Isserpent-05-etang-arbres.jpg 1024w, https:\/\/activrando.org\/AR_blog\/wp-content\/uploads\/2021\/02\/210114-Isserpent-05-etang-arbres-300x200.jpg 300w, https:\/\/activrando.org\/AR_blog\/wp-content\/uploads\/2021\/02\/210114-Isserpent-05-etang-arbres-768x512.jpg 768w\" sizes=\"(max-width: 1024px) 100vw, 1024px\" \/><figcaption>\u2026<br><br>\u2026<\/figcaption><\/figure>\n\n\n\n<figure class=\"wp-block-image\"><img decoding=\"async\" loading=\"lazy\" width=\"1024\" height=\"683\" src=\"https:\/\/activrando.org\/AR_blog\/wp-content\/uploads\/2021\/02\/210114-Isserpent-06-gue-chien-1024x683.jpg\" alt=\"\" class=\"wp-image-1922\" srcset=\"https:\/\/activrando.org\/AR_blog\/wp-content\/uploads\/2021\/02\/210114-Isserpent-06-gue-chien.jpg 1024w, https:\/\/activrando.org\/AR_blog\/wp-content\/uploads\/2021\/02\/210114-Isserpent-06-gue-chien-300x200.jpg 300w, https:\/\/activrando.org\/AR_blog\/wp-content\/uploads\/2021\/02\/210114-Isserpent-06-gue-chien-768x512.jpg 768w\" sizes=\"(max-width: 1024px) 100vw, 1024px\" \/><figcaption>\u2026<br><br>\u2026<\/figcaption><\/figure>\n\n\n\n<p style=\"text-align:center\"><strong><a href=\"https:\/\/activrando.org\/AR_blog\/2021\/01\/19\/la-pierriere-a-billezois-mardi-12-janvier-2021\/\">&lt; &lt; &lt; ARTICLE PR\u00c9C\u00c9DENT<\/a> &#8212;&#8212;&#8212;&#8212;&#8212;&#8212;-  <a href=\"https:\/\/activrando.org\/AR_blog\/\">ACCUEIL DU BLOG<\/a> &#8212;&#8212;&#8212;&#8212;&#8212;&#8212;&#8212;-  <a href=\"https:\/\/activrando.org\/AR_blog\/2021\/01\/24\/le-chatelard-a-chouvigny-le-24-janv-2021\/\">ARTICLE SUIVANT &gt; &gt; &gt;<\/a><\/strong><\/p>\n","protected":false},"excerpt":{"rendered":"<p>Petit temps doux et venteux pour cette balade dans une sorte de bocage et essentiellement d\u00e9di\u00e9 \u00e0 l&rsquo;\u00e9levage. Par l\u00e0 passait une voie du tacot que l&rsquo;on a laiss\u00e9 se perdre compl\u00e9tement et dont le profil est m\u00eame difficile \u00e0 retrouver sur le terrain. Et des chemins eux-m\u00eames, beaucoup ont&#8230;<\/p>\n","protected":false},"author":2,"featured_media":2053,"comment_status":"closed","ping_status":"closed","sticky":false,"template":"","format":"standard","meta":[],"categories":[2],"tags":[],"_links":{"self":[{"href":"https:\/\/activrando.org\/AR_blog\/wp-json\/wp\/v2\/posts\/1916"}],"collection":[{"href":"https:\/\/activrando.org\/AR_blog\/wp-json\/wp\/v2\/posts"}],"about":[{"href":"https:\/\/activrando.org\/AR_blog\/wp-json\/wp\/v2\/types\/post"}],"author":[{"embeddable":true,"href":"https:\/\/activrando.org\/AR_blog\/wp-json\/wp\/v2\/users\/2"}],"replies":[{"embeddable":true,"href":"https:\/\/activrando.org\/AR_blog\/wp-json\/wp\/v2\/comments?post=1916"}],"version-history":[{"count":7,"href":"https:\/\/activrando.org\/AR_blog\/wp-json\/wp\/v2\/posts\/1916\/revisions"}],"predecessor-version":[{"id":2414,"href":"https:\/\/activrando.org\/AR_blog\/wp-json\/wp\/v2\/posts\/1916\/revisions\/2414"}],"wp:featuredmedia":[{"embeddable":true,"href":"https:\/\/activrando.org\/AR_blog\/wp-json\/wp\/v2\/media\/2053"}],"wp:attachment":[{"href":"https:\/\/activrando.org\/AR_blog\/wp-json\/wp\/v2\/media?parent=1916"}],"wp:term":[{"taxonomy":"category","embeddable":true,"href":"https:\/\/activrando.org\/AR_blog\/wp-json\/wp\/v2\/categories?post=1916"},{"taxonomy":"post_tag","embeddable":true,"href":"https:\/\/activrando.org\/AR_blog\/wp-json\/wp\/v2\/tags?post=1916"}],"curies":[{"name":"wp","href":"https:\/\/api.w.org\/{rel}","templated":true}]}}