{"id":1852,"date":"2021-01-28T22:53:38","date_gmt":"2021-01-28T21:53:38","guid":{"rendered":"http:\/\/activrando.org\/AR_blog\/?p=1852"},"modified":"2021-03-14T23:03:27","modified_gmt":"2021-03-14T22:03:27","slug":"piegut-petite-randonnee-a-mariol-le-18-janv-2021","status":"publish","type":"post","link":"https:\/\/activrando.org\/AR_blog\/2021\/01\/28\/piegut-petite-randonnee-a-mariol-le-18-janv-2021\/","title":{"rendered":"\u00a0\u00bbPi\u00e9gut\u00a0\u00bb, petite randonn\u00e9e \u00e0 Mariol le 28 janv. 2021 (10 photos)"},"content":{"rendered":"\n<p><strong>Mariol est situ\u00e9 au pied de collines assez raides et bois\u00e9es qui bordent la plaine de <\/strong><a href=\"https:\/\/fr.wikipedia.org\/wiki\/Limagne\"><strong>Limagne<\/strong><\/a><strong>, au d\u00e9bouch\u00e9 d&rsquo;une rivi\u00e8re nomm\u00e9e Darot et autour de laquelle s&rsquo;est organis\u00e9 le village ancestral. Ainsi, nous allons remonter la vall\u00e9e encaiss\u00e9e du Darot, monter \u00e0 Pi\u00e9gut, gros hameau juste au-dessus, puis revenir par les hauteurs.<\/strong><\/p>\n\n\n\n<p style=\"text-align:center\"><strong><a href=\"https:\/\/activrando.org\/AR_blog\/2021\/01\/26\/barantan-rando-sante-au-vernet-mardi-26-janvier-2021\/\">&lt; &lt; &lt; ARTICLE PR\u00c9C\u00c9DENT<\/a>  &#8212;&#8212;&#8212;&#8212;&#8212;&#8212;-  <a href=\"https:\/\/activrando.org\/AR_blog\/\">ACCUEIL DU BLOG<\/a> &#8212;&#8212;&#8212;&#8212;&#8212;&#8212;&#8212;-  <a href=\"https:\/\/activrando.org\/AR_blog\/2021\/01\/31\/le-marais-dorange-journee-de-randonnee-a-artonne-63-dim-31-janv-2021\/\">ARTICLE SUIVANT &gt; &gt; &gt;<\/a><\/strong><\/p>\n\n\n\n<figure class=\"wp-block-image\"><img decoding=\"async\" loading=\"lazy\" width=\"1024\" height=\"683\" src=\"https:\/\/activrando.org\/AR_blog\/wp-content\/uploads\/2021\/02\/210128-Mariol-01-groupe-marche-1024x683.jpg\" alt=\"\" class=\"wp-image-1853\" srcset=\"https:\/\/activrando.org\/AR_blog\/wp-content\/uploads\/2021\/02\/210128-Mariol-01-groupe-marche.jpg 1024w, https:\/\/activrando.org\/AR_blog\/wp-content\/uploads\/2021\/02\/210128-Mariol-01-groupe-marche-300x200.jpg 300w, https:\/\/activrando.org\/AR_blog\/wp-content\/uploads\/2021\/02\/210128-Mariol-01-groupe-marche-768x512.jpg 768w\" sizes=\"(max-width: 1024px) 100vw, 1024px\" \/><figcaption><strong>Partis de l&rsquo;\u00e9glise de Mariol, une longue mont\u00e9e progressive nous mena \u00e0 Pi\u00e9gut.<\/strong><br><br>\u2026<\/figcaption><\/figure>\n\n\n\n<div class=\"wp-block-image\"><figure class=\"aligncenter\"><img decoding=\"async\" loading=\"lazy\" width=\"800\" height=\"800\" src=\"https:\/\/activrando.org\/AR_blog\/wp-content\/uploads\/2021\/02\/210128-Mariol-02-bidon.jpg\" alt=\"\" class=\"wp-image-1854\" srcset=\"https:\/\/activrando.org\/AR_blog\/wp-content\/uploads\/2021\/02\/210128-Mariol-02-bidon.jpg 800w, https:\/\/activrando.org\/AR_blog\/wp-content\/uploads\/2021\/02\/210128-Mariol-02-bidon-150x150.jpg 150w, https:\/\/activrando.org\/AR_blog\/wp-content\/uploads\/2021\/02\/210128-Mariol-02-bidon-300x300.jpg 300w, https:\/\/activrando.org\/AR_blog\/wp-content\/uploads\/2021\/02\/210128-Mariol-02-bidon-768x768.jpg 768w\" sizes=\"(max-width: 800px) 100vw, 800px\" \/><figcaption><strong>Dans un jardin&#8230;<\/strong><br><br>\u2026<\/figcaption><\/figure><\/div>\n\n\n\n<figure class=\"wp-block-image\"><img decoding=\"async\" loading=\"lazy\" width=\"1024\" height=\"768\" src=\"https:\/\/activrando.org\/AR_blog\/wp-content\/uploads\/2021\/02\/210128-Mariol-03-groupe-marche-1024x768.jpg\" alt=\"\" class=\"wp-image-1855\" srcset=\"https:\/\/activrando.org\/AR_blog\/wp-content\/uploads\/2021\/02\/210128-Mariol-03-groupe-marche.jpg 1024w, https:\/\/activrando.org\/AR_blog\/wp-content\/uploads\/2021\/02\/210128-Mariol-03-groupe-marche-300x225.jpg 300w, https:\/\/activrando.org\/AR_blog\/wp-content\/uploads\/2021\/02\/210128-Mariol-03-groupe-marche-768x576.jpg 768w\" sizes=\"(max-width: 1024px) 100vw, 1024px\" \/><figcaption>\u2026<br><br>\u2026<\/figcaption><\/figure>\n\n\n\n<figure class=\"wp-block-image\"><img decoding=\"async\" loading=\"lazy\" width=\"1024\" height=\"768\" src=\"https:\/\/activrando.org\/AR_blog\/wp-content\/uploads\/2021\/02\/210128-Mariol-04-etang-1024x768.jpg\" alt=\"\" class=\"wp-image-1856\" srcset=\"https:\/\/activrando.org\/AR_blog\/wp-content\/uploads\/2021\/02\/210128-Mariol-04-etang.jpg 1024w, https:\/\/activrando.org\/AR_blog\/wp-content\/uploads\/2021\/02\/210128-Mariol-04-etang-300x225.jpg 300w, https:\/\/activrando.org\/AR_blog\/wp-content\/uploads\/2021\/02\/210128-Mariol-04-etang-768x576.jpg 768w\" sizes=\"(max-width: 1024px) 100vw, 1024px\" \/><figcaption><strong>Un \u00e9tang au milieu de la for\u00eat.<\/strong><br><br>\u2026<\/figcaption><\/figure>\n\n\n\n<figure class=\"wp-block-image\"><img decoding=\"async\" loading=\"lazy\" width=\"1024\" height=\"768\" src=\"https:\/\/activrando.org\/AR_blog\/wp-content\/uploads\/2021\/02\/210128-Mariol-05-source-lavoir-abreuvoir-1024x768.jpg\" alt=\"\" class=\"wp-image-1857\" srcset=\"https:\/\/activrando.org\/AR_blog\/wp-content\/uploads\/2021\/02\/210128-Mariol-05-source-lavoir-abreuvoir.jpg 1024w, https:\/\/activrando.org\/AR_blog\/wp-content\/uploads\/2021\/02\/210128-Mariol-05-source-lavoir-abreuvoir-300x225.jpg 300w, https:\/\/activrando.org\/AR_blog\/wp-content\/uploads\/2021\/02\/210128-Mariol-05-source-lavoir-abreuvoir-768x576.jpg 768w\" sizes=\"(max-width: 1024px) 100vw, 1024px\" \/><figcaption><strong>A Bancherelle, hameau de 3 maisons fort isol\u00e9, un petit site d&rsquo;utilisation de l&rsquo;eau : au milieu la source dans son petit abri de pierre, juste \u00e0 c\u00f4t\u00e9 deux abreuvoirs de pierre et devant le lavoir carr\u00e9.<\/strong><\/figcaption><\/figure>\n\n\n\n<figure class=\"wp-block-image\"><img decoding=\"async\" loading=\"lazy\" width=\"1024\" height=\"768\" src=\"https:\/\/activrando.org\/AR_blog\/wp-content\/uploads\/2021\/02\/210128-Mariol-06-groupe-marche-1024x768.jpg\" alt=\"\" class=\"wp-image-1858\" srcset=\"https:\/\/activrando.org\/AR_blog\/wp-content\/uploads\/2021\/02\/210128-Mariol-06-groupe-marche.jpg 1024w, https:\/\/activrando.org\/AR_blog\/wp-content\/uploads\/2021\/02\/210128-Mariol-06-groupe-marche-300x225.jpg 300w, https:\/\/activrando.org\/AR_blog\/wp-content\/uploads\/2021\/02\/210128-Mariol-06-groupe-marche-768x576.jpg 768w\" sizes=\"(max-width: 1024px) 100vw, 1024px\" \/><figcaption>\u2026<br><br>\u2026<\/figcaption><\/figure>\n\n\n\n<figure class=\"wp-block-image\"><img decoding=\"async\" loading=\"lazy\" width=\"1024\" height=\"683\" src=\"https:\/\/activrando.org\/AR_blog\/wp-content\/uploads\/2021\/02\/210128-Mariol-07-fougeres-1024x683.jpg\" alt=\"\" class=\"wp-image-1859\" srcset=\"https:\/\/activrando.org\/AR_blog\/wp-content\/uploads\/2021\/02\/210128-Mariol-07-fougeres.jpg 1024w, https:\/\/activrando.org\/AR_blog\/wp-content\/uploads\/2021\/02\/210128-Mariol-07-fougeres-300x200.jpg 300w, https:\/\/activrando.org\/AR_blog\/wp-content\/uploads\/2021\/02\/210128-Mariol-07-fougeres-768x512.jpg 768w\" sizes=\"(max-width: 1024px) 100vw, 1024px\" \/><figcaption>\u2026<br><br>\u2026<\/figcaption><\/figure>\n\n\n\n<figure class=\"wp-block-image\"><img decoding=\"async\" loading=\"lazy\" width=\"1024\" height=\"512\" src=\"https:\/\/activrando.org\/AR_blog\/wp-content\/uploads\/2021\/02\/210128-Mariol-08-chevaux-1024x512.jpg\" alt=\"\" class=\"wp-image-1860\" srcset=\"https:\/\/activrando.org\/AR_blog\/wp-content\/uploads\/2021\/02\/210128-Mariol-08-chevaux.jpg 1024w, https:\/\/activrando.org\/AR_blog\/wp-content\/uploads\/2021\/02\/210128-Mariol-08-chevaux-300x150.jpg 300w, https:\/\/activrando.org\/AR_blog\/wp-content\/uploads\/2021\/02\/210128-Mariol-08-chevaux-768x384.jpg 768w\" sizes=\"(max-width: 1024px) 100vw, 1024px\" \/><figcaption>\u2026<br><br>\u2026<\/figcaption><\/figure>\n\n\n\n<div class=\"wp-block-image\"><figure class=\"aligncenter\"><img decoding=\"async\" loading=\"lazy\" width=\"900\" height=\"900\" src=\"https:\/\/activrando.org\/AR_blog\/wp-content\/uploads\/2021\/02\/210128-Mariol-09-groupe-pose.jpg\" alt=\"\" class=\"wp-image-1861\" srcset=\"https:\/\/activrando.org\/AR_blog\/wp-content\/uploads\/2021\/02\/210128-Mariol-09-groupe-pose.jpg 900w, https:\/\/activrando.org\/AR_blog\/wp-content\/uploads\/2021\/02\/210128-Mariol-09-groupe-pose-150x150.jpg 150w, https:\/\/activrando.org\/AR_blog\/wp-content\/uploads\/2021\/02\/210128-Mariol-09-groupe-pose-300x300.jpg 300w, https:\/\/activrando.org\/AR_blog\/wp-content\/uploads\/2021\/02\/210128-Mariol-09-groupe-pose-768x768.jpg 768w\" sizes=\"(max-width: 900px) 100vw, 900px\" \/><figcaption>\u2026<br><br>\u2026<\/figcaption><\/figure><\/div>\n\n\n\n<figure class=\"wp-block-image\"><img decoding=\"async\" loading=\"lazy\" width=\"1024\" height=\"768\" src=\"https:\/\/activrando.org\/AR_blog\/wp-content\/uploads\/2021\/02\/210128-Mariol-10-chateau-1024x768.jpg\" alt=\"\" class=\"wp-image-1862\" srcset=\"https:\/\/activrando.org\/AR_blog\/wp-content\/uploads\/2021\/02\/210128-Mariol-10-chateau.jpg 1024w, https:\/\/activrando.org\/AR_blog\/wp-content\/uploads\/2021\/02\/210128-Mariol-10-chateau-300x225.jpg 300w, https:\/\/activrando.org\/AR_blog\/wp-content\/uploads\/2021\/02\/210128-Mariol-10-chateau-768x576.jpg 768w\" sizes=\"(max-width: 1024px) 100vw, 1024px\" \/><figcaption><strong>Le ch\u00e2teau de Mariol, devant lequel nous passons juste avant d&rsquo;arriver.<\/strong><br><br>\u2026<\/figcaption><\/figure>\n\n\n\n<p style=\"text-align:center\"><strong><a href=\"https:\/\/activrando.org\/AR_blog\/2021\/01\/26\/barantan-rando-sante-au-vernet-mardi-26-janvier-2021\/\">&lt; &lt; &lt; ARTICLE PR\u00c9C\u00c9DENT<\/a>  &#8212;&#8212;&#8212;&#8212;&#8212;&#8212;-  <a href=\"https:\/\/activrando.org\/AR_blog\/\">ACCUEIL DU BLOG<\/a> &#8212;&#8212;&#8212;&#8212;&#8212;&#8212;&#8212;-  <a href=\"https:\/\/activrando.org\/AR_blog\/2021\/01\/31\/le-marais-dorange-journee-de-randonnee-a-artonne-63-dim-31-janv-2021\/\">ARTICLE SUIVANT &gt; &gt; &gt;<\/a><\/strong><\/p>\n","protected":false},"excerpt":{"rendered":"<p>Mariol est situ\u00e9 au pied de collines assez raides et bois\u00e9es qui bordent la plaine de Limagne, au d\u00e9bouch\u00e9 d&rsquo;une rivi\u00e8re nomm\u00e9e Darot et autour de laquelle s&rsquo;est organis\u00e9 le village ancestral. Ainsi, nous allons remonter la vall\u00e9e encaiss\u00e9e du Darot, monter \u00e0 Pi\u00e9gut, gros hameau juste au-dessus, puis revenir&#8230;<\/p>\n","protected":false},"author":2,"featured_media":2047,"comment_status":"closed","ping_status":"closed","sticky":false,"template":"","format":"standard","meta":[],"categories":[2],"tags":[],"_links":{"self":[{"href":"https:\/\/activrando.org\/AR_blog\/wp-json\/wp\/v2\/posts\/1852"}],"collection":[{"href":"https:\/\/activrando.org\/AR_blog\/wp-json\/wp\/v2\/posts"}],"about":[{"href":"https:\/\/activrando.org\/AR_blog\/wp-json\/wp\/v2\/types\/post"}],"author":[{"embeddable":true,"href":"https:\/\/activrando.org\/AR_blog\/wp-json\/wp\/v2\/users\/2"}],"replies":[{"embeddable":true,"href":"https:\/\/activrando.org\/AR_blog\/wp-json\/wp\/v2\/comments?post=1852"}],"version-history":[{"count":10,"href":"https:\/\/activrando.org\/AR_blog\/wp-json\/wp\/v2\/posts\/1852\/revisions"}],"predecessor-version":[{"id":2410,"href":"https:\/\/activrando.org\/AR_blog\/wp-json\/wp\/v2\/posts\/1852\/revisions\/2410"}],"wp:featuredmedia":[{"embeddable":true,"href":"https:\/\/activrando.org\/AR_blog\/wp-json\/wp\/v2\/media\/2047"}],"wp:attachment":[{"href":"https:\/\/activrando.org\/AR_blog\/wp-json\/wp\/v2\/media?parent=1852"}],"wp:term":[{"taxonomy":"category","embeddable":true,"href":"https:\/\/activrando.org\/AR_blog\/wp-json\/wp\/v2\/categories?post=1852"},{"taxonomy":"post_tag","embeddable":true,"href":"https:\/\/activrando.org\/AR_blog\/wp-json\/wp\/v2\/tags?post=1852"}],"curies":[{"name":"wp","href":"https:\/\/api.w.org\/{rel}","templated":true}]}}