{"id":167,"date":"2019-01-06T22:43:39","date_gmt":"2019-01-06T21:43:39","guid":{"rendered":"http:\/\/activrando.org\/AR_blog\/?p=167"},"modified":"2019-12-14T23:20:04","modified_gmt":"2019-12-14T22:20:04","slug":"landan-journee-rando-a-droiturier","status":"publish","type":"post","link":"https:\/\/activrando.org\/AR_blog\/2019\/01\/06\/landan-journee-rando-a-droiturier\/","title":{"rendered":"\u00ab\u00a0L&rsquo;Andan\u00a0\u00bb : journ\u00e9e rando, le 6 janv. 2019, \u00e0 Droiturier (21 photos)"},"content":{"rendered":"\n<p><a href=\"https:\/\/activrando.org\/AR_blog\/2019\/01\/08\/bois-de-celzat-rando-sante-a-cusset\/\"><strong>> > > ARTICLE SUIVANT<\/strong><\/a><\/p>\n\n\n\n<p><a href=\"https:\/\/activrando.org\/AR_blog\/2019\/01\/01\/les-voeux-petite-rando-a-mariol-le-1er-janvier-2019\/\"><strong>> > > ARTICLE PR\u00c9C\u00c9DENT<\/strong><\/a><\/p>\n\n\n\n<p>Dimanche 6 janvier, c&rsquo;est l&rsquo;\u00c9piphanie, et pour nous le temps de faire une premi\u00e8re journ\u00e9e de randonn\u00e9e en cette nouvelle ann\u00e9e&#8230;<\/p>\n\n\n\n<p>L&rsquo;Andan, c&rsquo;est la rivi\u00e8re qui traverse la commune de Droiturier pour aller se jeter dans la Besbre apr\u00e8s un cours d&rsquo;environ 12 km. Elle contourne par le Nord le petit plateau sur lequel est b\u00e2ti le village :<\/p>\n\n\n\n<figure class=\"wp-block-image\"><img decoding=\"async\" loading=\"lazy\" width=\"1024\" height=\"559\" src=\"https:\/\/activrando.org\/AR_blog\/wp-content\/uploads\/2019\/01\/190106-Droiturier-00-riviere-L_Andan-1024x559.jpg\" alt=\"\" class=\"wp-image-174\" srcset=\"https:\/\/activrando.org\/AR_blog\/wp-content\/uploads\/2019\/01\/190106-Droiturier-00-riviere-L_Andan-1024x559.jpg 1024w, https:\/\/activrando.org\/AR_blog\/wp-content\/uploads\/2019\/01\/190106-Droiturier-00-riviere-L_Andan-300x164.jpg 300w, https:\/\/activrando.org\/AR_blog\/wp-content\/uploads\/2019\/01\/190106-Droiturier-00-riviere-L_Andan-768x419.jpg 768w, https:\/\/activrando.org\/AR_blog\/wp-content\/uploads\/2019\/01\/190106-Droiturier-00-riviere-L_Andan.jpg 1845w\" sizes=\"(max-width: 1024px) 100vw, 1024px\" \/><figcaption>&nbsp;&nbsp;&nbsp;<br><br>&nbsp;&nbsp;&nbsp;<\/figcaption><\/figure>\n\n\n\n<p>Le temps est bouch\u00e9, limite brouillard, et tr\u00e8s humide, limite crachin par moment, pas de vue au loin. Pas terrible mais on a envie de marcher et l&rsquo;on a le c\u0153ur chaud&#8230; \ud83d\ude09<\/p>\n\n\n\n<figure class=\"wp-block-image\"><img decoding=\"async\" loading=\"lazy\" width=\"1024\" height=\"680\" src=\"https:\/\/activrando.org\/AR_blog\/wp-content\/uploads\/2019\/01\/190106-Droiturier-01-groupe-marche-1024x680.jpg\" alt=\"\" class=\"wp-image-169\" srcset=\"https:\/\/activrando.org\/AR_blog\/wp-content\/uploads\/2019\/01\/190106-Droiturier-01-groupe-marche.jpg 1024w, https:\/\/activrando.org\/AR_blog\/wp-content\/uploads\/2019\/01\/190106-Droiturier-01-groupe-marche-300x199.jpg 300w, https:\/\/activrando.org\/AR_blog\/wp-content\/uploads\/2019\/01\/190106-Droiturier-01-groupe-marche-768x510.jpg 768w\" sizes=\"(max-width: 1024px) 100vw, 1024px\" \/><figcaption>&nbsp;&nbsp;&nbsp;<br><br>&nbsp;&nbsp;&nbsp;<\/figcaption><\/figure>\n\n\n\n<p>Deux chevaux, loin de tout, qui comme beaucoup d&rsquo;animaux dans leur enclos, nous donnent l&rsquo;impression de s&rsquo;ennuyer ferme !<\/p>\n\n\n\n<figure class=\"wp-block-image\"><img decoding=\"async\" loading=\"lazy\" width=\"1024\" height=\"680\" src=\"https:\/\/activrando.org\/AR_blog\/wp-content\/uploads\/2019\/01\/190106-Droiturier-02-chevaux-1024x680.jpg\" alt=\"\" class=\"wp-image-171\" srcset=\"https:\/\/activrando.org\/AR_blog\/wp-content\/uploads\/2019\/01\/190106-Droiturier-02-chevaux.jpg 1024w, https:\/\/activrando.org\/AR_blog\/wp-content\/uploads\/2019\/01\/190106-Droiturier-02-chevaux-300x199.jpg 300w, https:\/\/activrando.org\/AR_blog\/wp-content\/uploads\/2019\/01\/190106-Droiturier-02-chevaux-768x510.jpg 768w\" sizes=\"(max-width: 1024px) 100vw, 1024px\" \/><figcaption>&nbsp;&nbsp;&nbsp;<br><br>&nbsp;&nbsp;&nbsp;<\/figcaption><\/figure>\n\n\n\n<p>En passant par Village Henry nous verrons surgir d&rsquo;une maison cette horde de chiens, d&rsquo;autant plus bruyants et surexcit\u00e9s qu&rsquo;ils sont petits :<\/p>\n\n\n\n<figure class=\"wp-block-image\"><img decoding=\"async\" loading=\"lazy\" width=\"1024\" height=\"445\" src=\"https:\/\/activrando.org\/AR_blog\/wp-content\/uploads\/2019\/01\/190106-Droiturier-03-petits-chiens-1024x445.jpg\" alt=\"\" class=\"wp-image-172\" srcset=\"https:\/\/activrando.org\/AR_blog\/wp-content\/uploads\/2019\/01\/190106-Droiturier-03-petits-chiens.jpg 1024w, https:\/\/activrando.org\/AR_blog\/wp-content\/uploads\/2019\/01\/190106-Droiturier-03-petits-chiens-300x130.jpg 300w, https:\/\/activrando.org\/AR_blog\/wp-content\/uploads\/2019\/01\/190106-Droiturier-03-petits-chiens-768x334.jpg 768w\" sizes=\"(max-width: 1024px) 100vw, 1024px\" \/><figcaption>&nbsp;&nbsp;&nbsp;<br><br>&nbsp;&nbsp;&nbsp;<\/figcaption><\/figure>\n\n\n\n<p>Arriv\u00e9s au Pont Romain qui enjambe l&rsquo;Andan, nous faisons halte : c&rsquo;est une bonne heure pour la pause d\u00e9jeuner et l&rsquo;endroit est joli et paisible. Nathalie et Denis, nos deux sympathiques visiteurs du jour, qu\u00e9becois d&rsquo;origine, font une petite reconnaissance de cet ancien ouvrage&#8230;<\/p>\n\n\n\n<figure class=\"wp-block-image\"><img decoding=\"async\" loading=\"lazy\" width=\"1024\" height=\"768\" src=\"https:\/\/activrando.org\/AR_blog\/wp-content\/uploads\/2019\/01\/190106-Droiturier-05-pont-Denis-Nathalie-1024x768.jpg\" alt=\"\" class=\"wp-image-173\" srcset=\"https:\/\/activrando.org\/AR_blog\/wp-content\/uploads\/2019\/01\/190106-Droiturier-05-pont-Denis-Nathalie.jpg 1024w, https:\/\/activrando.org\/AR_blog\/wp-content\/uploads\/2019\/01\/190106-Droiturier-05-pont-Denis-Nathalie-300x225.jpg 300w, https:\/\/activrando.org\/AR_blog\/wp-content\/uploads\/2019\/01\/190106-Droiturier-05-pont-Denis-Nathalie-768x576.jpg 768w\" sizes=\"(max-width: 1024px) 100vw, 1024px\" \/><figcaption>&nbsp;&nbsp;&nbsp;<br><br>&nbsp;&nbsp;&nbsp;<\/figcaption><\/figure>\n\n\n\n<p>Vient ensuite le temps de d\u00e9guster la galette des rois, qui a elle aussi fait tout ce trajet, dans mon sac \u00e0 dos&#8230; Nathalie obtiens la premi\u00e8re f\u00e8ve et devient la Reine. La 2e f\u00e8ve se trouvait dans la derni\u00e8re part&#8230; qui me revint&#8230; La bise est de circonstance, sous le cr\u00e9pitement des flashes d&rsquo;une nu\u00e9e de paparazzi surgis soudainement de nulle part&#8230; Enfin&#8230; on peut imaginer&#8230; ;-))<\/p>\n\n\n\n<figure class=\"wp-block-image\"><img decoding=\"async\" loading=\"lazy\" width=\"840\" height=\"630\" src=\"https:\/\/activrando.org\/AR_blog\/wp-content\/uploads\/2019\/01\/190106-Droiturier-06-bisou-couronnes.jpg\" alt=\"\" class=\"wp-image-175\" srcset=\"https:\/\/activrando.org\/AR_blog\/wp-content\/uploads\/2019\/01\/190106-Droiturier-06-bisou-couronnes.jpg 840w, https:\/\/activrando.org\/AR_blog\/wp-content\/uploads\/2019\/01\/190106-Droiturier-06-bisou-couronnes-300x225.jpg 300w, https:\/\/activrando.org\/AR_blog\/wp-content\/uploads\/2019\/01\/190106-Droiturier-06-bisou-couronnes-768x576.jpg 768w\" sizes=\"(max-width: 840px) 100vw, 840px\" \/><figcaption>&nbsp;&nbsp;&nbsp;<br><br>&nbsp;&nbsp;&nbsp;<\/figcaption><\/figure>\n\n\n\n<p>Avant de repartir, petite photo de groupe sur l&rsquo;ouvrage bi-mill\u00e9naire, splendide de finesse :<\/p>\n\n\n\n<figure class=\"wp-block-image\"><img decoding=\"async\" loading=\"lazy\" width=\"1024\" height=\"680\" src=\"https:\/\/activrando.org\/AR_blog\/wp-content\/uploads\/2019\/01\/190106-Droiturier-07-pont-groupe-pose-1024x680.jpg\" alt=\"\" class=\"wp-image-176\" srcset=\"https:\/\/activrando.org\/AR_blog\/wp-content\/uploads\/2019\/01\/190106-Droiturier-07-pont-groupe-pose.jpg 1024w, https:\/\/activrando.org\/AR_blog\/wp-content\/uploads\/2019\/01\/190106-Droiturier-07-pont-groupe-pose-300x199.jpg 300w, https:\/\/activrando.org\/AR_blog\/wp-content\/uploads\/2019\/01\/190106-Droiturier-07-pont-groupe-pose-768x510.jpg 768w\" sizes=\"(max-width: 1024px) 100vw, 1024px\" \/><figcaption>&nbsp;&nbsp;&nbsp;<br><br>&nbsp;&nbsp;&nbsp;<\/figcaption><\/figure>\n\n\n\n<p>A c\u00f4t\u00e9 du pont, une construction originale, bien moins durable, mais qui pourrait rendre service en cas de pluie. Une utilisation int\u00e9ressante de branchages.<\/p>\n\n\n\n<figure class=\"wp-block-image\"><img decoding=\"async\" loading=\"lazy\" width=\"1024\" height=\"768\" src=\"https:\/\/activrando.org\/AR_blog\/wp-content\/uploads\/2019\/01\/190106-Droiturier-08-teepee-branches-1024x768.jpg\" alt=\"\" class=\"wp-image-177\" srcset=\"https:\/\/activrando.org\/AR_blog\/wp-content\/uploads\/2019\/01\/190106-Droiturier-08-teepee-branches.jpg 1024w, https:\/\/activrando.org\/AR_blog\/wp-content\/uploads\/2019\/01\/190106-Droiturier-08-teepee-branches-300x225.jpg 300w, https:\/\/activrando.org\/AR_blog\/wp-content\/uploads\/2019\/01\/190106-Droiturier-08-teepee-branches-768x576.jpg 768w\" sizes=\"(max-width: 1024px) 100vw, 1024px\" \/><figcaption>&nbsp;&nbsp;&nbsp;<br><br>&nbsp;&nbsp;&nbsp;<\/figcaption><\/figure>\n\n\n\n<figure class=\"wp-block-image\"><img decoding=\"async\" loading=\"lazy\" width=\"1024\" height=\"680\" src=\"https:\/\/activrando.org\/AR_blog\/wp-content\/uploads\/2019\/01\/190106-Droiturier-09-groupe-marche-1024x680.jpg\" alt=\"\" class=\"wp-image-178\" srcset=\"https:\/\/activrando.org\/AR_blog\/wp-content\/uploads\/2019\/01\/190106-Droiturier-09-groupe-marche.jpg 1024w, https:\/\/activrando.org\/AR_blog\/wp-content\/uploads\/2019\/01\/190106-Droiturier-09-groupe-marche-300x199.jpg 300w, https:\/\/activrando.org\/AR_blog\/wp-content\/uploads\/2019\/01\/190106-Droiturier-09-groupe-marche-768x510.jpg 768w\" sizes=\"(max-width: 1024px) 100vw, 1024px\" \/><figcaption>&nbsp;&nbsp;&nbsp;<br><br>&nbsp;&nbsp;&nbsp;<\/figcaption><\/figure>\n\n\n\n<p>Nous revenons vers le village et c&rsquo;est un autre couple qui attire notre attention : cette ch\u00e8vre, seule avec ce cheval, semble tr\u00e8s rassur\u00e9e par sa pr\u00e9sence et reste pr\u00e8s de lui et lui fait de touchants petits contacts d&rsquo;amiti\u00e9.<\/p>\n\n\n\n<figure class=\"wp-block-image\"><img decoding=\"async\" loading=\"lazy\" width=\"1024\" height=\"768\" src=\"https:\/\/activrando.org\/AR_blog\/wp-content\/uploads\/2019\/01\/190106-Droiturier-10-cheval-chevre-1024x768.jpg\" alt=\"\" class=\"wp-image-179\" srcset=\"https:\/\/activrando.org\/AR_blog\/wp-content\/uploads\/2019\/01\/190106-Droiturier-10-cheval-chevre.jpg 1024w, https:\/\/activrando.org\/AR_blog\/wp-content\/uploads\/2019\/01\/190106-Droiturier-10-cheval-chevre-300x225.jpg 300w, https:\/\/activrando.org\/AR_blog\/wp-content\/uploads\/2019\/01\/190106-Droiturier-10-cheval-chevre-768x576.jpg 768w\" sizes=\"(max-width: 1024px) 100vw, 1024px\" \/><figcaption>&nbsp;&nbsp;&nbsp;<br><br>&nbsp;&nbsp;&nbsp;<\/figcaption><\/figure>\n\n\n\n<p>Nous passerons voir le rocher \u00e0 cupules qui est pr\u00e8s du cimeti\u00e8re et que l&rsquo;on ne pourra gravir car il est trop glissant du fait de l&rsquo;humidit\u00e9.<\/p>\n\n\n\n<figure class=\"wp-block-image\"><img decoding=\"async\" loading=\"lazy\" width=\"1024\" height=\"680\" src=\"https:\/\/activrando.org\/AR_blog\/wp-content\/uploads\/2019\/01\/190106-Droiturier-11-rocher-groupe-pose-1024x680.jpg\" alt=\"\" class=\"wp-image-180\" srcset=\"https:\/\/activrando.org\/AR_blog\/wp-content\/uploads\/2019\/01\/190106-Droiturier-11-rocher-groupe-pose.jpg 1024w, https:\/\/activrando.org\/AR_blog\/wp-content\/uploads\/2019\/01\/190106-Droiturier-11-rocher-groupe-pose-300x199.jpg 300w, https:\/\/activrando.org\/AR_blog\/wp-content\/uploads\/2019\/01\/190106-Droiturier-11-rocher-groupe-pose-768x510.jpg 768w\" sizes=\"(max-width: 1024px) 100vw, 1024px\" \/><\/figure>\n\n\n\n<p>&nbsp; &nbsp;<br>Nathalie et Denis doivent nous quitter l\u00e0 pour rentrer&#8230; On les salue chaleureusement, tant leur joyeuse compagnie nous a \u00e9t\u00e9 agr\u00e9able&#8230;<\/p>\n\n\n\n<p>Nous continuons notre chemin pour aller faire un tour par Notre-Dame de Trayon, point le plus \u00e9lev\u00e9 du parcours. De loin le petit bois qui l&rsquo;entoure \u00e9tait \u00e9tonnant par sa couleur blanche&#8230; Mais oui, c&rsquo;est bien du givre qui le recouvre et la for\u00eat a l&rsquo;air comme enchant\u00e9e, c&rsquo;est magnifique !<\/p>\n\n\n\n<figure class=\"wp-block-image\"><img decoding=\"async\" loading=\"lazy\" width=\"1024\" height=\"680\" src=\"https:\/\/activrando.org\/AR_blog\/wp-content\/uploads\/2019\/01\/190106-Droiturier-12-foret-givre-1024x680.jpg\" alt=\"\" class=\"wp-image-181\" srcset=\"https:\/\/activrando.org\/AR_blog\/wp-content\/uploads\/2019\/01\/190106-Droiturier-12-foret-givre.jpg 1024w, https:\/\/activrando.org\/AR_blog\/wp-content\/uploads\/2019\/01\/190106-Droiturier-12-foret-givre-300x199.jpg 300w, https:\/\/activrando.org\/AR_blog\/wp-content\/uploads\/2019\/01\/190106-Droiturier-12-foret-givre-768x510.jpg 768w\" sizes=\"(max-width: 1024px) 100vw, 1024px\" \/><figcaption>&nbsp;&nbsp;&nbsp;<br><br>&nbsp;&nbsp;&nbsp;<\/figcaption><\/figure>\n\n\n\n<p><\/p>\n\n\n\n<figure class=\"wp-block-image\"><img decoding=\"async\" loading=\"lazy\" width=\"1024\" height=\"768\" src=\"https:\/\/activrando.org\/AR_blog\/wp-content\/uploads\/2019\/01\/190106-Droiturier-13-groupe-marche-foret-givre-1024x768.jpg\" alt=\"\" class=\"wp-image-182\" srcset=\"https:\/\/activrando.org\/AR_blog\/wp-content\/uploads\/2019\/01\/190106-Droiturier-13-groupe-marche-foret-givre.jpg 1024w, https:\/\/activrando.org\/AR_blog\/wp-content\/uploads\/2019\/01\/190106-Droiturier-13-groupe-marche-foret-givre-300x225.jpg 300w, https:\/\/activrando.org\/AR_blog\/wp-content\/uploads\/2019\/01\/190106-Droiturier-13-groupe-marche-foret-givre-768x576.jpg 768w\" sizes=\"(max-width: 1024px) 100vw, 1024px\" \/><figcaption>&nbsp;&nbsp;&nbsp;<br><br>&nbsp;&nbsp;&nbsp;<\/figcaption><\/figure>\n\n\n\n<p><\/p>\n\n\n\n<figure class=\"wp-block-image\"><img decoding=\"async\" loading=\"lazy\" width=\"1024\" height=\"680\" src=\"https:\/\/activrando.org\/AR_blog\/wp-content\/uploads\/2019\/01\/190106-Droiturier-14-plantes-givre-1024x680.jpg\" alt=\"\" class=\"wp-image-183\" srcset=\"https:\/\/activrando.org\/AR_blog\/wp-content\/uploads\/2019\/01\/190106-Droiturier-14-plantes-givre.jpg 1024w, https:\/\/activrando.org\/AR_blog\/wp-content\/uploads\/2019\/01\/190106-Droiturier-14-plantes-givre-300x199.jpg 300w, https:\/\/activrando.org\/AR_blog\/wp-content\/uploads\/2019\/01\/190106-Droiturier-14-plantes-givre-768x510.jpg 768w\" sizes=\"(max-width: 1024px) 100vw, 1024px\" \/><figcaption>&nbsp;&nbsp;&nbsp;<br><br>&nbsp;&nbsp;&nbsp;<\/figcaption><\/figure>\n\n\n\n<p>Notre-Dame de Trayon est l\u00e0, en majest\u00e9 sur son rocher, et prie en direction du village de Droiturier, o\u00f9 devaient habiter les bienfaiteurs qui ont financ\u00e9 son installation. C&rsquo;est une statue de fonte \u00e0 taille humaine, comme celle des personnages du calvaire au-dessus d&rsquo;Arfeuilles, non loin de l\u00e0.<\/p>\n\n\n\n<figure class=\"wp-block-image\"><img decoding=\"async\" loading=\"lazy\" width=\"1024\" height=\"680\" src=\"https:\/\/activrando.org\/AR_blog\/wp-content\/uploads\/2019\/01\/190106-Droiturier-15-rocher-statue-Vierge-1024x680.jpg\" alt=\"\" class=\"wp-image-184\" srcset=\"https:\/\/activrando.org\/AR_blog\/wp-content\/uploads\/2019\/01\/190106-Droiturier-15-rocher-statue-Vierge.jpg 1024w, https:\/\/activrando.org\/AR_blog\/wp-content\/uploads\/2019\/01\/190106-Droiturier-15-rocher-statue-Vierge-300x199.jpg 300w, https:\/\/activrando.org\/AR_blog\/wp-content\/uploads\/2019\/01\/190106-Droiturier-15-rocher-statue-Vierge-768x510.jpg 768w\" sizes=\"(max-width: 1024px) 100vw, 1024px\" \/><figcaption>&nbsp;&nbsp;&nbsp;<br><br>&nbsp;&nbsp;&nbsp;<\/figcaption><\/figure>\n\n\n\n<p>Autour la for\u00eat est tr\u00e8s belle, d&rsquo;un charme d\u00e9licat renforc\u00e9 par le givre :<\/p>\n\n\n\n<figure class=\"wp-block-image\"><img decoding=\"async\" loading=\"lazy\" width=\"1024\" height=\"680\" src=\"https:\/\/activrando.org\/AR_blog\/wp-content\/uploads\/2019\/01\/190106-Droiturier-16-panorama-foret-givre-1024x680.jpg\" alt=\"\" class=\"wp-image-185\" srcset=\"https:\/\/activrando.org\/AR_blog\/wp-content\/uploads\/2019\/01\/190106-Droiturier-16-panorama-foret-givre.jpg 1024w, https:\/\/activrando.org\/AR_blog\/wp-content\/uploads\/2019\/01\/190106-Droiturier-16-panorama-foret-givre-300x199.jpg 300w, https:\/\/activrando.org\/AR_blog\/wp-content\/uploads\/2019\/01\/190106-Droiturier-16-panorama-foret-givre-768x510.jpg 768w\" sizes=\"(max-width: 1024px) 100vw, 1024px\" \/><figcaption>&nbsp;&nbsp;&nbsp;<br><br>&nbsp;&nbsp;&nbsp;<\/figcaption><\/figure>\n\n\n\n<p>Monter au pied de la statue pour avoir la vue au loin, c&rsquo;est bien joli, mais il ne faut pas glisser sur le rocher \u00e0 la redescente, n&rsquo;est-ce pas Pierre ! ?<\/p>\n\n\n\n<figure class=\"wp-block-image\"><img decoding=\"async\" loading=\"lazy\" width=\"1024\" height=\"680\" src=\"https:\/\/activrando.org\/AR_blog\/wp-content\/uploads\/2019\/01\/190106-Droiturier-17-descente-rocher-givre-1024x680.jpg\" alt=\"\" class=\"wp-image-186\" srcset=\"https:\/\/activrando.org\/AR_blog\/wp-content\/uploads\/2019\/01\/190106-Droiturier-17-descente-rocher-givre.jpg 1024w, https:\/\/activrando.org\/AR_blog\/wp-content\/uploads\/2019\/01\/190106-Droiturier-17-descente-rocher-givre-300x199.jpg 300w, https:\/\/activrando.org\/AR_blog\/wp-content\/uploads\/2019\/01\/190106-Droiturier-17-descente-rocher-givre-768x510.jpg 768w\" sizes=\"(max-width: 1024px) 100vw, 1024px\" \/><figcaption>&nbsp;&nbsp;&nbsp;<br><br>&nbsp;&nbsp;&nbsp;<\/figcaption><\/figure>\n\n\n\n<p>Mais c&rsquo;est vrai que nous somme l\u00e0 sous Sa protection, nimb\u00e9e de givre<\/p>\n\n\n\n<figure class=\"wp-block-image\"><img decoding=\"async\" loading=\"lazy\" width=\"1024\" height=\"973\" src=\"https:\/\/activrando.org\/AR_blog\/wp-content\/uploads\/2019\/01\/190106-Droiturier-18-Vierge-priere-givre-1024x973.jpg\" alt=\"\" class=\"wp-image-187\" srcset=\"https:\/\/activrando.org\/AR_blog\/wp-content\/uploads\/2019\/01\/190106-Droiturier-18-Vierge-priere-givre.jpg 1024w, https:\/\/activrando.org\/AR_blog\/wp-content\/uploads\/2019\/01\/190106-Droiturier-18-Vierge-priere-givre-300x285.jpg 300w, https:\/\/activrando.org\/AR_blog\/wp-content\/uploads\/2019\/01\/190106-Droiturier-18-Vierge-priere-givre-768x730.jpg 768w\" sizes=\"(max-width: 1024px) 100vw, 1024px\" \/><figcaption>&nbsp;&nbsp;&nbsp;<br><br>&nbsp;&nbsp;&nbsp;<\/figcaption><\/figure>\n\n\n\n<p>Tout le monde va bien, pr\u00eat pour finir cette randonn\u00e9e par le retour vers le village que l&rsquo;on entrevoit ici au fond entre les arbres. Au bilan, 25 km et 630 m de d\u00e9nivel\u00e9 sur un beau parcours hivernal.<\/p>\n\n\n\n<figure class=\"wp-block-image\"><img decoding=\"async\" loading=\"lazy\" width=\"1024\" height=\"680\" src=\"https:\/\/activrando.org\/AR_blog\/wp-content\/uploads\/2019\/01\/190106-Droiturier-19-groupe-pose-foret-givre-1024x680.jpg\" alt=\"\" class=\"wp-image-188\" srcset=\"https:\/\/activrando.org\/AR_blog\/wp-content\/uploads\/2019\/01\/190106-Droiturier-19-groupe-pose-foret-givre.jpg 1024w, https:\/\/activrando.org\/AR_blog\/wp-content\/uploads\/2019\/01\/190106-Droiturier-19-groupe-pose-foret-givre-300x199.jpg 300w, https:\/\/activrando.org\/AR_blog\/wp-content\/uploads\/2019\/01\/190106-Droiturier-19-groupe-pose-foret-givre-768x510.jpg 768w\" sizes=\"(max-width: 1024px) 100vw, 1024px\" \/><figcaption>&nbsp;&nbsp;&nbsp;<br><br>&nbsp;&nbsp;&nbsp;<\/figcaption><\/figure>\n\n\n\n<p>_________________________________________________________________________________________________________________________<\/p>\n\n\n\n<p>A noter au passage que le <a href=\"https:\/\/fr.wikipedia.org\/wiki\/Pont_de_la_Vall\u00e9e_(Droiturier)\">Pont de la Vall\u00e9e<\/a> a \u00e9t\u00e9 r\u00e9nov\u00e9 : nettoy\u00e9 et rejointoy\u00e9, il a un bel aspect rafraichi :<\/p>\n\n\n\n<figure class=\"wp-block-image\"><img decoding=\"async\" loading=\"lazy\" width=\"1024\" height=\"768\" src=\"https:\/\/activrando.org\/AR_blog\/wp-content\/uploads\/2019\/01\/190106-Droiturier-20-Pont-de-la-Vallee-1024x768.jpg\" alt=\"\" class=\"wp-image-189\" srcset=\"https:\/\/activrando.org\/AR_blog\/wp-content\/uploads\/2019\/01\/190106-Droiturier-20-Pont-de-la-Vallee.jpg 1024w, https:\/\/activrando.org\/AR_blog\/wp-content\/uploads\/2019\/01\/190106-Droiturier-20-Pont-de-la-Vallee-300x225.jpg 300w, https:\/\/activrando.org\/AR_blog\/wp-content\/uploads\/2019\/01\/190106-Droiturier-20-Pont-de-la-Vallee-768x576.jpg 768w\" sizes=\"(max-width: 1024px) 100vw, 1024px\" \/><\/figure>\n\n\n\n<p>Mais, plus \u00e9tonnant, les bornes qui prot\u00e8gent le parapet en ont \u00e9t\u00e9 \u00e9loign\u00e9es, sans doute pour mieux le prot\u00e9ger ?<\/p>\n\n\n\n<figure class=\"wp-block-image\"><img decoding=\"async\" loading=\"lazy\" width=\"1024\" height=\"768\" src=\"https:\/\/activrando.org\/AR_blog\/wp-content\/uploads\/2019\/01\/190106-Droiturier-21-Pont-de-la-Vallee-detail-bornes-1024x768.jpg\" alt=\"\" class=\"wp-image-190\" srcset=\"https:\/\/activrando.org\/AR_blog\/wp-content\/uploads\/2019\/01\/190106-Droiturier-21-Pont-de-la-Vallee-detail-bornes.jpg 1024w, https:\/\/activrando.org\/AR_blog\/wp-content\/uploads\/2019\/01\/190106-Droiturier-21-Pont-de-la-Vallee-detail-bornes-300x225.jpg 300w, https:\/\/activrando.org\/AR_blog\/wp-content\/uploads\/2019\/01\/190106-Droiturier-21-Pont-de-la-Vallee-detail-bornes-768x576.jpg 768w\" sizes=\"(max-width: 1024px) 100vw, 1024px\" \/><\/figure>\n\n\n\n<p><a href=\"https:\/\/activrando.org\/AR_blog\/2019\/01\/08\/bois-de-celzat-rando-sante-a-cusset\/\"><strong>> > > ARTICLE SUIVANT<\/strong><\/a><\/p>\n\n\n\n<p><a href=\"https:\/\/activrando.org\/AR_blog\/\"><strong>> > > ACCUEIL DU BLOG<\/strong><\/a><\/p>\n\n\n\n<p><a href=\"https:\/\/activrando.org\/AR_blog\/2019\/01\/01\/les-voeux-petite-rando-a-mariol-le-1er-janvier-2019\/\"><strong>> > > ARTICLE PR\u00c9C\u00c9DENT<\/strong><\/a><\/p>\n\n\n\n<p>   .   <br><\/p>\n","protected":false},"excerpt":{"rendered":"<p>> > > ARTICLE SUIVANT > > > ARTICLE PR\u00c9C\u00c9DENT Dimanche 6 janvier, c&rsquo;est l&rsquo;\u00c9piphanie, et pour nous le temps de faire une premi\u00e8re journ\u00e9e de randonn\u00e9e en cette nouvelle ann\u00e9e&#8230; L&rsquo;Andan, c&rsquo;est la rivi\u00e8re qui traverse la commune de Droiturier pour aller se jeter dans la Besbre apr\u00e8s un&#8230;<\/p>\n","protected":false},"author":1,"featured_media":0,"comment_status":"closed","ping_status":"closed","sticky":false,"template":"","format":"standard","meta":[],"categories":[2],"tags":[],"_links":{"self":[{"href":"https:\/\/activrando.org\/AR_blog\/wp-json\/wp\/v2\/posts\/167"}],"collection":[{"href":"https:\/\/activrando.org\/AR_blog\/wp-json\/wp\/v2\/posts"}],"about":[{"href":"https:\/\/activrando.org\/AR_blog\/wp-json\/wp\/v2\/types\/post"}],"author":[{"embeddable":true,"href":"https:\/\/activrando.org\/AR_blog\/wp-json\/wp\/v2\/users\/1"}],"replies":[{"embeddable":true,"href":"https:\/\/activrando.org\/AR_blog\/wp-json\/wp\/v2\/comments?post=167"}],"version-history":[{"count":19,"href":"https:\/\/activrando.org\/AR_blog\/wp-json\/wp\/v2\/posts\/167\/revisions"}],"predecessor-version":[{"id":963,"href":"https:\/\/activrando.org\/AR_blog\/wp-json\/wp\/v2\/posts\/167\/revisions\/963"}],"wp:attachment":[{"href":"https:\/\/activrando.org\/AR_blog\/wp-json\/wp\/v2\/media?parent=167"}],"wp:term":[{"taxonomy":"category","embeddable":true,"href":"https:\/\/activrando.org\/AR_blog\/wp-json\/wp\/v2\/categories?post=167"},{"taxonomy":"post_tag","embeddable":true,"href":"https:\/\/activrando.org\/AR_blog\/wp-json\/wp\/v2\/tags?post=167"}],"curies":[{"name":"wp","href":"https:\/\/api.w.org\/{rel}","templated":true}]}}