{"id":162,"date":"2019-01-08T22:38:49","date_gmt":"2019-01-08T21:38:49","guid":{"rendered":"http:\/\/activrando.org\/AR_blog\/?p=162"},"modified":"2019-12-14T23:22:37","modified_gmt":"2019-12-14T22:22:37","slug":"bois-de-celzat-rando-sante-a-cusset","status":"publish","type":"post","link":"https:\/\/activrando.org\/AR_blog\/2019\/01\/08\/bois-de-celzat-rando-sante-a-cusset\/","title":{"rendered":"\u00ab\u00a0Bois de Celzat\u00a0\u00bb : Rando Sant\u00e9\u00ae \u00e0 Cusset (1 photo)"},"content":{"rendered":"\n<p>Ce 8 janvier, Viviane, G\u00e9rard et moi attendions avec perplexit\u00e9, sous le porche de la chapelle, qu&rsquo;il soit 9h00&#8230; Le temps frais et humide d\u00e9couragera-t&rsquo;il tout autre ? Mais une voiture arrive et bient\u00f4t une deuxi\u00e8me : Nous voil\u00e0 8 et l&rsquo;ambiance devient tout autre.<\/p>\n\n\n\n<p>Le temps restera gris, mais pas de pluie et nous faisons notre tour sans probl\u00e8me. A l&rsquo;arriv\u00e9e, petite photo de groupe dans le cadre improvis\u00e9 de l&rsquo;abribus :<\/p>\n\n\n\n<figure class=\"wp-block-image\"><img decoding=\"async\" loading=\"lazy\" width=\"840\" height=\"630\" src=\"https:\/\/activrando.org\/AR_blog\/wp-content\/uploads\/2019\/01\/190108-RS-Cusset-01-groupe-pose.jpg\" alt=\"\" class=\"wp-image-163\" srcset=\"https:\/\/activrando.org\/AR_blog\/wp-content\/uploads\/2019\/01\/190108-RS-Cusset-01-groupe-pose.jpg 840w, https:\/\/activrando.org\/AR_blog\/wp-content\/uploads\/2019\/01\/190108-RS-Cusset-01-groupe-pose-300x225.jpg 300w, https:\/\/activrando.org\/AR_blog\/wp-content\/uploads\/2019\/01\/190108-RS-Cusset-01-groupe-pose-768x576.jpg 768w\" sizes=\"(max-width: 840px) 100vw, 840px\" \/><\/figure>\n\n\n\n<p><strong><a href=\"https:\/\/activrando.org\/AR_blog\/2019\/03\/17\/autour-de-vichy-le-17-mars\/\">> > > ARTICLE SUIVANT<\/a><\/strong><\/p>\n\n\n\n<p><strong><a href=\"https:\/\/activrando.org\/AR_blog\/\">> > > ACCUEIL DU BLOG<\/a><\/strong><\/p>\n\n\n\n<p><strong><a href=\"https:\/\/activrando.org\/AR_blog\/2019\/01\/06\/landan-journee-rando-a-droiturier\/\">> > > ARTICLE PR\u00c9C\u00c9DENT<\/a><\/strong><\/p>\n","protected":false},"excerpt":{"rendered":"<p>Ce 8 janvier, Viviane, G\u00e9rard et moi attendions avec perplexit\u00e9, sous le porche de la chapelle, qu&rsquo;il soit 9h00&#8230; Le temps frais et humide d\u00e9couragera-t&rsquo;il tout autre ? Mais une voiture arrive et bient\u00f4t une deuxi\u00e8me : Nous voil\u00e0 8 et l&rsquo;ambiance devient tout autre. Le temps restera gris, mais&#8230;<\/p>\n","protected":false},"author":1,"featured_media":0,"comment_status":"closed","ping_status":"closed","sticky":false,"template":"","format":"standard","meta":[],"categories":[2],"tags":[],"_links":{"self":[{"href":"https:\/\/activrando.org\/AR_blog\/wp-json\/wp\/v2\/posts\/162"}],"collection":[{"href":"https:\/\/activrando.org\/AR_blog\/wp-json\/wp\/v2\/posts"}],"about":[{"href":"https:\/\/activrando.org\/AR_blog\/wp-json\/wp\/v2\/types\/post"}],"author":[{"embeddable":true,"href":"https:\/\/activrando.org\/AR_blog\/wp-json\/wp\/v2\/users\/1"}],"replies":[{"embeddable":true,"href":"https:\/\/activrando.org\/AR_blog\/wp-json\/wp\/v2\/comments?post=162"}],"version-history":[{"count":5,"href":"https:\/\/activrando.org\/AR_blog\/wp-json\/wp\/v2\/posts\/162\/revisions"}],"predecessor-version":[{"id":964,"href":"https:\/\/activrando.org\/AR_blog\/wp-json\/wp\/v2\/posts\/162\/revisions\/964"}],"wp:attachment":[{"href":"https:\/\/activrando.org\/AR_blog\/wp-json\/wp\/v2\/media?parent=162"}],"wp:term":[{"taxonomy":"category","embeddable":true,"href":"https:\/\/activrando.org\/AR_blog\/wp-json\/wp\/v2\/categories?post=162"},{"taxonomy":"post_tag","embeddable":true,"href":"https:\/\/activrando.org\/AR_blog\/wp-json\/wp\/v2\/tags?post=162"}],"curies":[{"name":"wp","href":"https:\/\/api.w.org\/{rel}","templated":true}]}}