{"id":1551,"date":"2020-01-05T23:13:08","date_gmt":"2020-01-05T22:13:08","guid":{"rendered":"http:\/\/activrando.org\/AR_blog\/?p=1551"},"modified":"2020-10-23T23:33:30","modified_gmt":"2020-10-23T21:33:30","slug":"la-cascade-de-la-pisserotte-le-5-janvier-a-arfeuilles","status":"publish","type":"post","link":"https:\/\/activrando.org\/AR_blog\/2020\/01\/05\/la-cascade-de-la-pisserotte-le-5-janvier-a-arfeuilles\/","title":{"rendered":"\u00a0\u00bbLa cascade de la Pisserotte\u00a0\u00bb, le 5 janvier \u00e0 Arfeuilles"},"content":{"rendered":"\n<p class=\"has-medium-font-size\"><strong>Circuit de 24 km \/ 980 m de d\u00e9nivel\u00e9 + au d\u00e9part du bourg d&rsquo;Arfeuilles, par une belle journ\u00e9e hivernale, froide et ensoleill\u00e9e, pour aller voir la cascade&#8230;<\/strong><\/p>\n\n\n\n<figure class=\"wp-block-image\"><img decoding=\"async\" loading=\"lazy\" width=\"1024\" height=\"680\" src=\"https:\/\/activrando.org\/AR_blog\/wp-content\/uploads\/2020\/10\/200105-Arfeuilles-01-groupe-marche-1024x680.jpg\" alt=\"\" class=\"wp-image-1552\" srcset=\"https:\/\/activrando.org\/AR_blog\/wp-content\/uploads\/2020\/10\/200105-Arfeuilles-01-groupe-marche.jpg 1024w, https:\/\/activrando.org\/AR_blog\/wp-content\/uploads\/2020\/10\/200105-Arfeuilles-01-groupe-marche-300x199.jpg 300w, https:\/\/activrando.org\/AR_blog\/wp-content\/uploads\/2020\/10\/200105-Arfeuilles-01-groupe-marche-768x510.jpg 768w\" sizes=\"(max-width: 1024px) 100vw, 1024px\" \/><figcaption><strong>On commence par traverser le bourg pour aller chercher notre premier chemin&#8230;<\/strong><\/figcaption><\/figure>\n\n\n\n<figure class=\"wp-block-image\"><img decoding=\"async\" loading=\"lazy\" width=\"1024\" height=\"768\" src=\"https:\/\/activrando.org\/AR_blog\/wp-content\/uploads\/2020\/10\/200105-Arfeuilles-02-groupe-marche-1024x768.jpg\" alt=\"\" class=\"wp-image-1553\" srcset=\"https:\/\/activrando.org\/AR_blog\/wp-content\/uploads\/2020\/10\/200105-Arfeuilles-02-groupe-marche.jpg 1024w, https:\/\/activrando.org\/AR_blog\/wp-content\/uploads\/2020\/10\/200105-Arfeuilles-02-groupe-marche-300x225.jpg 300w, https:\/\/activrando.org\/AR_blog\/wp-content\/uploads\/2020\/10\/200105-Arfeuilles-02-groupe-marche-768x576.jpg 768w\" sizes=\"(max-width: 1024px) 100vw, 1024px\" \/><figcaption><strong>Et c&rsquo;est parti pour de la mont\u00e9e, une sp\u00e9cialit\u00e9 locale&#8230;<\/strong><\/figcaption><\/figure>\n\n\n\n<figure class=\"wp-block-image\"><img decoding=\"async\" loading=\"lazy\" width=\"1024\" height=\"680\" src=\"https:\/\/activrando.org\/AR_blog\/wp-content\/uploads\/2020\/10\/200105-Arfeuilles-03-chiens-voiture-1024x680.jpg\" alt=\"\" class=\"wp-image-1554\" srcset=\"https:\/\/activrando.org\/AR_blog\/wp-content\/uploads\/2020\/10\/200105-Arfeuilles-03-chiens-voiture.jpg 1024w, https:\/\/activrando.org\/AR_blog\/wp-content\/uploads\/2020\/10\/200105-Arfeuilles-03-chiens-voiture-300x199.jpg 300w, https:\/\/activrando.org\/AR_blog\/wp-content\/uploads\/2020\/10\/200105-Arfeuilles-03-chiens-voiture-768x510.jpg 768w\" sizes=\"(max-width: 1024px) 100vw, 1024px\" \/><figcaption><strong>Eux attendent encore le moment de s&rsquo;\u00e9lancer&#8230;<\/strong><\/figcaption><\/figure>\n\n\n\n<figure class=\"wp-block-image\"><img decoding=\"async\" loading=\"lazy\" width=\"1024\" height=\"768\" src=\"https:\/\/activrando.org\/AR_blog\/wp-content\/uploads\/2020\/10\/200105-Arfeuilles-04-groupe-pose-croix-1024x768.jpg\" alt=\"\" class=\"wp-image-1555\" srcset=\"https:\/\/activrando.org\/AR_blog\/wp-content\/uploads\/2020\/10\/200105-Arfeuilles-04-groupe-pose-croix.jpg 1024w, https:\/\/activrando.org\/AR_blog\/wp-content\/uploads\/2020\/10\/200105-Arfeuilles-04-groupe-pose-croix-300x225.jpg 300w, https:\/\/activrando.org\/AR_blog\/wp-content\/uploads\/2020\/10\/200105-Arfeuilles-04-groupe-pose-croix-768x576.jpg 768w\" sizes=\"(max-width: 1024px) 100vw, 1024px\" \/><figcaption><strong>Ce parcours ne sera pas un chemin de croix, mais nous en verrons quelques-unes&#8230;<\/strong><\/figcaption><\/figure>\n\n\n\n<figure class=\"wp-block-image\"><img decoding=\"async\" loading=\"lazy\" width=\"1024\" height=\"680\" src=\"https:\/\/activrando.org\/AR_blog\/wp-content\/uploads\/2020\/10\/200105-Arfeuilles-05-groupe-marche-1024x680.jpg\" alt=\"\" class=\"wp-image-1556\" srcset=\"https:\/\/activrando.org\/AR_blog\/wp-content\/uploads\/2020\/10\/200105-Arfeuilles-05-groupe-marche.jpg 1024w, https:\/\/activrando.org\/AR_blog\/wp-content\/uploads\/2020\/10\/200105-Arfeuilles-05-groupe-marche-300x199.jpg 300w, https:\/\/activrando.org\/AR_blog\/wp-content\/uploads\/2020\/10\/200105-Arfeuilles-05-groupe-marche-768x510.jpg 768w\" sizes=\"(max-width: 1024px) 100vw, 1024px\" \/><figcaption>&#8230;<\/figcaption><\/figure>\n\n\n\n<figure class=\"wp-block-image\"><img decoding=\"async\" loading=\"lazy\" width=\"1024\" height=\"768\" src=\"https:\/\/activrando.org\/AR_blog\/wp-content\/uploads\/2020\/10\/200105-Arfeuilles-06-Croix-du-Verger-1024x768.jpg\" alt=\"\" class=\"wp-image-1557\" srcset=\"https:\/\/activrando.org\/AR_blog\/wp-content\/uploads\/2020\/10\/200105-Arfeuilles-06-Croix-du-Verger.jpg 1024w, https:\/\/activrando.org\/AR_blog\/wp-content\/uploads\/2020\/10\/200105-Arfeuilles-06-Croix-du-Verger-300x225.jpg 300w, https:\/\/activrando.org\/AR_blog\/wp-content\/uploads\/2020\/10\/200105-Arfeuilles-06-Croix-du-Verger-768x576.jpg 768w\" sizes=\"(max-width: 1024px) 100vw, 1024px\" \/><figcaption><strong>La croix de la Croix du Verger<\/strong><\/figcaption><\/figure>\n\n\n\n<figure class=\"wp-block-image\"><img decoding=\"async\" loading=\"lazy\" width=\"1024\" height=\"680\" src=\"https:\/\/activrando.org\/AR_blog\/wp-content\/uploads\/2020\/10\/200105-Arfeuilles-07-groupe-marche-1024x680.jpg\" alt=\"\" class=\"wp-image-1558\" srcset=\"https:\/\/activrando.org\/AR_blog\/wp-content\/uploads\/2020\/10\/200105-Arfeuilles-07-groupe-marche.jpg 1024w, https:\/\/activrando.org\/AR_blog\/wp-content\/uploads\/2020\/10\/200105-Arfeuilles-07-groupe-marche-300x199.jpg 300w, https:\/\/activrando.org\/AR_blog\/wp-content\/uploads\/2020\/10\/200105-Arfeuilles-07-groupe-marche-768x510.jpg 768w\" sizes=\"(max-width: 1024px) 100vw, 1024px\" \/><figcaption><strong>Nous montons progressivement vers le village des Biefs.<\/strong><\/figcaption><\/figure>\n\n\n\n<figure class=\"wp-block-image\"><img decoding=\"async\" loading=\"lazy\" width=\"1024\" height=\"680\" src=\"https:\/\/activrando.org\/AR_blog\/wp-content\/uploads\/2020\/10\/200105-Arfeuilles-08-fougeres-1024x680.jpg\" alt=\"\" class=\"wp-image-1559\" srcset=\"https:\/\/activrando.org\/AR_blog\/wp-content\/uploads\/2020\/10\/200105-Arfeuilles-08-fougeres.jpg 1024w, https:\/\/activrando.org\/AR_blog\/wp-content\/uploads\/2020\/10\/200105-Arfeuilles-08-fougeres-300x199.jpg 300w, https:\/\/activrando.org\/AR_blog\/wp-content\/uploads\/2020\/10\/200105-Arfeuilles-08-fougeres-768x510.jpg 768w\" sizes=\"(max-width: 1024px) 100vw, 1024px\" \/><figcaption>Les parterres de foug\u00e8res se fl\u00e9trissent progressivement dans un long retour vers le sol.<\/figcaption><\/figure>\n\n\n\n<figure class=\"wp-block-image\"><img decoding=\"async\" loading=\"lazy\" width=\"1024\" height=\"768\" src=\"https:\/\/activrando.org\/AR_blog\/wp-content\/uploads\/2020\/10\/200105-Arfeuilles-09-pierre-bulles-1024x768.jpg\" alt=\"\" class=\"wp-image-1560\" srcset=\"https:\/\/activrando.org\/AR_blog\/wp-content\/uploads\/2020\/10\/200105-Arfeuilles-09-pierre-bulles.jpg 1024w, https:\/\/activrando.org\/AR_blog\/wp-content\/uploads\/2020\/10\/200105-Arfeuilles-09-pierre-bulles-300x225.jpg 300w, https:\/\/activrando.org\/AR_blog\/wp-content\/uploads\/2020\/10\/200105-Arfeuilles-09-pierre-bulles-768x576.jpg 768w\" sizes=\"(max-width: 1024px) 100vw, 1024px\" \/><figcaption><strong>Des pierres, des bulles&#8230; dans une flaque d&rsquo;eau.<\/strong><\/figcaption><\/figure>\n\n\n\n<figure class=\"wp-block-image\"><img decoding=\"async\" loading=\"lazy\" width=\"1024\" height=\"682\" src=\"https:\/\/activrando.org\/AR_blog\/wp-content\/uploads\/2020\/10\/200105-Arfeuilles-10-pre-cloture-1024x682.jpg\" alt=\"\" class=\"wp-image-1561\" srcset=\"https:\/\/activrando.org\/AR_blog\/wp-content\/uploads\/2020\/10\/200105-Arfeuilles-10-pre-cloture.jpg 1024w, https:\/\/activrando.org\/AR_blog\/wp-content\/uploads\/2020\/10\/200105-Arfeuilles-10-pre-cloture-300x200.jpg 300w, https:\/\/activrando.org\/AR_blog\/wp-content\/uploads\/2020\/10\/200105-Arfeuilles-10-pre-cloture-768x512.jpg 768w\" sizes=\"(max-width: 1024px) 100vw, 1024px\" \/><figcaption>&#8230;<\/figcaption><\/figure>\n\n\n\n<figure class=\"wp-block-image\"><img decoding=\"async\" loading=\"lazy\" width=\"1024\" height=\"683\" src=\"https:\/\/activrando.org\/AR_blog\/wp-content\/uploads\/2020\/10\/200105-Arfeuilles-11-foret-groupe-marche-1024x683.jpg\" alt=\"\" class=\"wp-image-1562\" srcset=\"https:\/\/activrando.org\/AR_blog\/wp-content\/uploads\/2020\/10\/200105-Arfeuilles-11-foret-groupe-marche.jpg 1024w, https:\/\/activrando.org\/AR_blog\/wp-content\/uploads\/2020\/10\/200105-Arfeuilles-11-foret-groupe-marche-300x200.jpg 300w, https:\/\/activrando.org\/AR_blog\/wp-content\/uploads\/2020\/10\/200105-Arfeuilles-11-foret-groupe-marche-768x512.jpg 768w\" sizes=\"(max-width: 1024px) 100vw, 1024px\" \/><figcaption><strong>Apr\u00e8s \u00eatre pass\u00e9s aux Biefs, nous revenons vers la Pisserotte<\/strong><\/figcaption><\/figure>\n\n\n\n<figure class=\"wp-block-image\"><img decoding=\"async\" loading=\"lazy\" width=\"1024\" height=\"683\" src=\"https:\/\/activrando.org\/AR_blog\/wp-content\/uploads\/2020\/10\/200105-Arfeuilles-12-champignon-1024x683.jpg\" alt=\"\" class=\"wp-image-1563\" srcset=\"https:\/\/activrando.org\/AR_blog\/wp-content\/uploads\/2020\/10\/200105-Arfeuilles-12-champignon.jpg 1024w, https:\/\/activrando.org\/AR_blog\/wp-content\/uploads\/2020\/10\/200105-Arfeuilles-12-champignon-300x200.jpg 300w, https:\/\/activrando.org\/AR_blog\/wp-content\/uploads\/2020\/10\/200105-Arfeuilles-12-champignon-768x512.jpg 768w\" sizes=\"(max-width: 1024px) 100vw, 1024px\" \/><figcaption><strong>Curieux champignons<\/strong><\/figcaption><\/figure>\n\n\n\n<figure class=\"wp-block-image\"><img decoding=\"async\" loading=\"lazy\" width=\"1024\" height=\"680\" src=\"https:\/\/activrando.org\/AR_blog\/wp-content\/uploads\/2020\/10\/200105-Arfeuilles-13-riviere-rochers-1024x680.jpg\" alt=\"\" class=\"wp-image-1564\" srcset=\"https:\/\/activrando.org\/AR_blog\/wp-content\/uploads\/2020\/10\/200105-Arfeuilles-13-riviere-rochers.jpg 1024w, https:\/\/activrando.org\/AR_blog\/wp-content\/uploads\/2020\/10\/200105-Arfeuilles-13-riviere-rochers-300x199.jpg 300w, https:\/\/activrando.org\/AR_blog\/wp-content\/uploads\/2020\/10\/200105-Arfeuilles-13-riviere-rochers-768x510.jpg 768w\" sizes=\"(max-width: 1024px) 100vw, 1024px\" \/><figcaption><strong>Le Barbenan en aval de la cascade, pr\u00e8s du moulin.<\/strong><\/figcaption><\/figure>\n\n\n\n<figure class=\"wp-block-image\"><img decoding=\"async\" loading=\"lazy\" width=\"1024\" height=\"683\" src=\"https:\/\/activrando.org\/AR_blog\/wp-content\/uploads\/2020\/10\/200105-Arfeuilles-14-arbres-casses-1024x683.jpg\" alt=\"\" class=\"wp-image-1565\" srcset=\"https:\/\/activrando.org\/AR_blog\/wp-content\/uploads\/2020\/10\/200105-Arfeuilles-14-arbres-casses.jpg 1024w, https:\/\/activrando.org\/AR_blog\/wp-content\/uploads\/2020\/10\/200105-Arfeuilles-14-arbres-casses-300x200.jpg 300w, https:\/\/activrando.org\/AR_blog\/wp-content\/uploads\/2020\/10\/200105-Arfeuilles-14-arbres-casses-768x512.jpg 768w\" sizes=\"(max-width: 1024px) 100vw, 1024px\" \/><figcaption><strong>Toute la h\u00eatraie situ\u00e9e en aval de la cascade a \u00e9t\u00e9 d\u00e9vast\u00e9e par les temp\u00eates successives des derni\u00e8res ann\u00e9es et, faute d&rsquo;un travail de d\u00e9gagement et de nettoyage, offre un d\u00e9solant spectacle.<\/strong><\/figcaption><\/figure>\n\n\n\n<figure class=\"wp-block-image\"><img decoding=\"async\" loading=\"lazy\" width=\"1024\" height=\"683\" src=\"https:\/\/activrando.org\/AR_blog\/wp-content\/uploads\/2020\/10\/200105-Arfeuilles-15-riviere-rochers-1024x683.jpg\" alt=\"\" class=\"wp-image-1566\" srcset=\"https:\/\/activrando.org\/AR_blog\/wp-content\/uploads\/2020\/10\/200105-Arfeuilles-15-riviere-rochers.jpg 1024w, https:\/\/activrando.org\/AR_blog\/wp-content\/uploads\/2020\/10\/200105-Arfeuilles-15-riviere-rochers-300x200.jpg 300w, https:\/\/activrando.org\/AR_blog\/wp-content\/uploads\/2020\/10\/200105-Arfeuilles-15-riviere-rochers-768x512.jpg 768w\" sizes=\"(max-width: 1024px) 100vw, 1024px\" \/><figcaption><strong>L\u00e0 la rivi\u00e8re s&rsquo;\u00e9lance entre les parois rocheuses dans lesquelles elle a creus\u00e9es des marmites.<\/strong><\/figcaption><\/figure>\n\n\n\n<figure class=\"wp-block-image\"><img decoding=\"async\" loading=\"lazy\" width=\"1024\" height=\"683\" src=\"https:\/\/activrando.org\/AR_blog\/wp-content\/uploads\/2020\/10\/200105-Arfeuilles-16-arbres-casses-1024x683.jpg\" alt=\"\" class=\"wp-image-1567\" srcset=\"https:\/\/activrando.org\/AR_blog\/wp-content\/uploads\/2020\/10\/200105-Arfeuilles-16-arbres-casses.jpg 1024w, https:\/\/activrando.org\/AR_blog\/wp-content\/uploads\/2020\/10\/200105-Arfeuilles-16-arbres-casses-300x200.jpg 300w, https:\/\/activrando.org\/AR_blog\/wp-content\/uploads\/2020\/10\/200105-Arfeuilles-16-arbres-casses-768x512.jpg 768w\" sizes=\"(max-width: 1024px) 100vw, 1024px\" \/><figcaption><strong>Il est tr\u00e8s compliqu\u00e9 de progresser dans cet enchev\u00eatrement&#8230; et l&rsquo;on se prend \u00e0 r\u00eaver de tron\u00e7onneuses rugissantes&#8230;<\/strong><\/figcaption><\/figure>\n\n\n\n<figure class=\"wp-block-image\"><img decoding=\"async\" loading=\"lazy\" width=\"1024\" height=\"683\" src=\"https:\/\/activrando.org\/AR_blog\/wp-content\/uploads\/2020\/10\/200105-Arfeuilles-17-galette-couronne-Cremant-1024x683.jpg\" alt=\"\" class=\"wp-image-1568\" srcset=\"https:\/\/activrando.org\/AR_blog\/wp-content\/uploads\/2020\/10\/200105-Arfeuilles-17-galette-couronne-Cremant.jpg 1024w, https:\/\/activrando.org\/AR_blog\/wp-content\/uploads\/2020\/10\/200105-Arfeuilles-17-galette-couronne-Cremant-300x200.jpg 300w, https:\/\/activrando.org\/AR_blog\/wp-content\/uploads\/2020\/10\/200105-Arfeuilles-17-galette-couronne-Cremant-768x512.jpg 768w\" sizes=\"(max-width: 1024px) 100vw, 1024px\" \/><figcaption><strong>C&rsquo;est l&rsquo;\u00c9piphanie et, m\u00eame en cet endroit isol\u00e9, la galette des rois est au rendez-vous !<\/strong><\/figcaption><\/figure>\n\n\n\n<figure class=\"wp-block-image\"><img decoding=\"async\" loading=\"lazy\" width=\"1024\" height=\"683\" src=\"https:\/\/activrando.org\/AR_blog\/wp-content\/uploads\/2020\/10\/200105-Arfeuilles-18-rochers-groupe-marche-1024x683.jpg\" alt=\"\" class=\"wp-image-1569\" srcset=\"https:\/\/activrando.org\/AR_blog\/wp-content\/uploads\/2020\/10\/200105-Arfeuilles-18-rochers-groupe-marche.jpg 1024w, https:\/\/activrando.org\/AR_blog\/wp-content\/uploads\/2020\/10\/200105-Arfeuilles-18-rochers-groupe-marche-300x200.jpg 300w, https:\/\/activrando.org\/AR_blog\/wp-content\/uploads\/2020\/10\/200105-Arfeuilles-18-rochers-groupe-marche-768x512.jpg 768w\" sizes=\"(max-width: 1024px) 100vw, 1024px\" \/><figcaption><strong>Le secteur de la cascade, longtemps \u00e9pargn\u00e9 par les d\u00e9g\u00e2ts des temp\u00eates, a \u00e9t\u00e9 r\u00e9cemment mis \u00e0 mal et c&rsquo;est triste \u00e0 voir et compliqu\u00e9 \u00e0 franchir.<\/strong><\/figcaption><\/figure>\n\n\n\n<figure class=\"wp-block-image\"><img decoding=\"async\" loading=\"lazy\" width=\"1024\" height=\"683\" src=\"https:\/\/activrando.org\/AR_blog\/wp-content\/uploads\/2020\/10\/200105-Arfeuilles-19-cascade-arbres-casses-1024x683.jpg\" alt=\"\" class=\"wp-image-1570\" srcset=\"https:\/\/activrando.org\/AR_blog\/wp-content\/uploads\/2020\/10\/200105-Arfeuilles-19-cascade-arbres-casses.jpg 1024w, https:\/\/activrando.org\/AR_blog\/wp-content\/uploads\/2020\/10\/200105-Arfeuilles-19-cascade-arbres-casses-300x200.jpg 300w, https:\/\/activrando.org\/AR_blog\/wp-content\/uploads\/2020\/10\/200105-Arfeuilles-19-cascade-arbres-casses-768x512.jpg 768w\" sizes=\"(max-width: 1024px) 100vw, 1024px\" \/><figcaption><strong>Une horreur&#8230;<\/strong><\/figcaption><\/figure>\n\n\n\n<figure class=\"wp-block-image\"><img decoding=\"async\" loading=\"lazy\" width=\"1024\" height=\"768\" src=\"https:\/\/activrando.org\/AR_blog\/wp-content\/uploads\/2020\/10\/200105-Arfeuilles-20-groupe-pose-1024x768.jpg\" alt=\"\" class=\"wp-image-1571\" srcset=\"https:\/\/activrando.org\/AR_blog\/wp-content\/uploads\/2020\/10\/200105-Arfeuilles-20-groupe-pose.jpg 1024w, https:\/\/activrando.org\/AR_blog\/wp-content\/uploads\/2020\/10\/200105-Arfeuilles-20-groupe-pose-300x225.jpg 300w, https:\/\/activrando.org\/AR_blog\/wp-content\/uploads\/2020\/10\/200105-Arfeuilles-20-groupe-pose-768x576.jpg 768w\" sizes=\"(max-width: 1024px) 100vw, 1024px\" \/><\/figure>\n","protected":false},"excerpt":{"rendered":"<p>Circuit de 24 km \/ 980 m de d\u00e9nivel\u00e9 + au d\u00e9part du bourg d&rsquo;Arfeuilles, par une belle journ\u00e9e hivernale, froide et ensoleill\u00e9e, pour aller voir la cascade&#8230;<\/p>\n","protected":false},"author":2,"featured_media":0,"comment_status":"closed","ping_status":"closed","sticky":false,"template":"","format":"standard","meta":[],"categories":[2],"tags":[],"_links":{"self":[{"href":"https:\/\/activrando.org\/AR_blog\/wp-json\/wp\/v2\/posts\/1551"}],"collection":[{"href":"https:\/\/activrando.org\/AR_blog\/wp-json\/wp\/v2\/posts"}],"about":[{"href":"https:\/\/activrando.org\/AR_blog\/wp-json\/wp\/v2\/types\/post"}],"author":[{"embeddable":true,"href":"https:\/\/activrando.org\/AR_blog\/wp-json\/wp\/v2\/users\/2"}],"replies":[{"embeddable":true,"href":"https:\/\/activrando.org\/AR_blog\/wp-json\/wp\/v2\/comments?post=1551"}],"version-history":[{"count":1,"href":"https:\/\/activrando.org\/AR_blog\/wp-json\/wp\/v2\/posts\/1551\/revisions"}],"predecessor-version":[{"id":1572,"href":"https:\/\/activrando.org\/AR_blog\/wp-json\/wp\/v2\/posts\/1551\/revisions\/1572"}],"wp:attachment":[{"href":"https:\/\/activrando.org\/AR_blog\/wp-json\/wp\/v2\/media?parent=1551"}],"wp:term":[{"taxonomy":"category","embeddable":true,"href":"https:\/\/activrando.org\/AR_blog\/wp-json\/wp\/v2\/categories?post=1551"},{"taxonomy":"post_tag","embeddable":true,"href":"https:\/\/activrando.org\/AR_blog\/wp-json\/wp\/v2\/tags?post=1551"}],"curies":[{"name":"wp","href":"https:\/\/api.w.org\/{rel}","templated":true}]}}