{"id":154,"date":"2018-11-11T23:53:52","date_gmt":"2018-11-11T22:53:52","guid":{"rendered":"http:\/\/activrando.org\/AR_blog\/?p=154"},"modified":"2021-03-15T15:15:08","modified_gmt":"2021-03-15T14:15:08","slug":"le-beaulouis-journee-rando-au-depart-de-ferrieres-sur-sichon","status":"publish","type":"post","link":"https:\/\/activrando.org\/AR_blog\/2018\/11\/11\/le-beaulouis-journee-rando-au-depart-de-ferrieres-sur-sichon\/","title":{"rendered":"\u201cLe Beaulouis\u201c, le 11 novembre 2018, \u00e0 Ferri\u00e8res sur Sichon (9 photos)"},"content":{"rendered":"\n<p>Dimanche 11 novembre 2018 : Malgr\u00e9 le temps magnifique &#8211; l&rsquo;automne dans sa gloire &#8211; nous ne sommes que deux, Daniel et moi, pour venir d\u00e9couvrir les beaut\u00e9s de la montagne. Un parcours splendide dans une orgie de paysages superbes, lumi\u00e8re subtile et feuillages magnifiques. Voici quelques vues de ce beau moment sur le chemin aller-retour vers le Col du Beaulouis.<\/p>\n\n\n\n<p style=\"text-align:center\"><strong><a href=\"https:\/\/activrando.org\/AR_blog\/2018\/11\/19\/la-chassaigne-journee-rando-a-bert\/\">&gt; &gt; &gt; ARTICLE SUIVANT<\/a><\/strong><\/p>\n\n\n\n<p style=\"text-align:center\"><strong><a href=\"https:\/\/activrando.org\/AR_blog\/2018\/10\/18\/moutet-journee-rando-au-breuil\/\">&gt; &gt; &gt; ARTICLE PR\u00c9C\u00c9DENT<\/a><\/strong><\/p>\n\n\n\n<p>Vue au loin sur le Mayet-de-Montagne :<\/p>\n\n\n\n<figure class=\"wp-block-image\"><img decoding=\"async\" loading=\"lazy\" width=\"1024\" height=\"680\" src=\"https:\/\/activrando.org\/AR_blog\/wp-content\/uploads\/2019\/01\/181111-Ferrieres-S-01-paysage.jpg\" alt=\"\" class=\"wp-image-145\" srcset=\"https:\/\/activrando.org\/AR_blog\/wp-content\/uploads\/2019\/01\/181111-Ferrieres-S-01-paysage.jpg 1024w, https:\/\/activrando.org\/AR_blog\/wp-content\/uploads\/2019\/01\/181111-Ferrieres-S-01-paysage-300x199.jpg 300w, https:\/\/activrando.org\/AR_blog\/wp-content\/uploads\/2019\/01\/181111-Ferrieres-S-01-paysage-768x510.jpg 768w\" sizes=\"(max-width: 1024px) 100vw, 1024px\" \/><figcaption>&nbsp;&nbsp;&nbsp;<br><br>&nbsp;&nbsp;&nbsp;<\/figcaption><\/figure>\n\n\n\n<figure class=\"wp-block-image\"><img decoding=\"async\" loading=\"lazy\" width=\"1024\" height=\"680\" src=\"https:\/\/activrando.org\/AR_blog\/wp-content\/uploads\/2019\/01\/181111-Ferrieres-S-02-paysage.jpg\" alt=\"\" class=\"wp-image-146\" srcset=\"https:\/\/activrando.org\/AR_blog\/wp-content\/uploads\/2019\/01\/181111-Ferrieres-S-02-paysage.jpg 1024w, https:\/\/activrando.org\/AR_blog\/wp-content\/uploads\/2019\/01\/181111-Ferrieres-S-02-paysage-300x199.jpg 300w, https:\/\/activrando.org\/AR_blog\/wp-content\/uploads\/2019\/01\/181111-Ferrieres-S-02-paysage-768x510.jpg 768w\" sizes=\"(max-width: 1024px) 100vw, 1024px\" \/><figcaption>&nbsp;&nbsp;&nbsp;<br><br>&nbsp;&nbsp;&nbsp;<\/figcaption><\/figure>\n\n\n\n<figure class=\"wp-block-image\"><img decoding=\"async\" loading=\"lazy\" width=\"1024\" height=\"717\" src=\"https:\/\/activrando.org\/AR_blog\/wp-content\/uploads\/2019\/01\/181111-Ferrieres-S-03-eolienne.jpg\" alt=\"\" class=\"wp-image-147\" srcset=\"https:\/\/activrando.org\/AR_blog\/wp-content\/uploads\/2019\/01\/181111-Ferrieres-S-03-eolienne.jpg 1024w, https:\/\/activrando.org\/AR_blog\/wp-content\/uploads\/2019\/01\/181111-Ferrieres-S-03-eolienne-300x210.jpg 300w, https:\/\/activrando.org\/AR_blog\/wp-content\/uploads\/2019\/01\/181111-Ferrieres-S-03-eolienne-768x538.jpg 768w\" sizes=\"(max-width: 1024px) 100vw, 1024px\" \/><figcaption>&nbsp;&nbsp;&nbsp;<br><br>&nbsp;&nbsp;&nbsp;<\/figcaption><\/figure>\n\n\n\n<p>L&rsquo;\u00e9glise de Lavoine<\/p>\n\n\n\n<figure class=\"wp-block-image\"><img decoding=\"async\" loading=\"lazy\" width=\"680\" height=\"1024\" src=\"https:\/\/activrando.org\/AR_blog\/wp-content\/uploads\/2019\/01\/181111-Ferrieres-S-04-eglise-Lavoine-680x1024.jpg\" alt=\"\" class=\"wp-image-148\" srcset=\"https:\/\/activrando.org\/AR_blog\/wp-content\/uploads\/2019\/01\/181111-Ferrieres-S-04-eglise-Lavoine.jpg 680w, https:\/\/activrando.org\/AR_blog\/wp-content\/uploads\/2019\/01\/181111-Ferrieres-S-04-eglise-Lavoine-199x300.jpg 199w\" sizes=\"(max-width: 680px) 100vw, 680px\" \/><figcaption>&nbsp;&nbsp;&nbsp;<br><br>&nbsp;&nbsp;&nbsp;<\/figcaption><\/figure>\n\n\n\n<p>Cela fait environ 70 ans que le GR3, un des tous premiers mis en place, existe. Entre temps la signal\u00e9tique a \u00e9volu\u00e9. Subsistent encore par endroits les anciens panneaux&#8230;<\/p>\n\n\n\n<div class=\"wp-block-image\"><figure class=\"aligncenter\"><img decoding=\"async\" loading=\"lazy\" width=\"700\" height=\"645\" src=\"https:\/\/activrando.org\/AR_blog\/wp-content\/uploads\/2019\/01\/181111-Ferrieres-S-05-panneau-GR3-Lavoine.jpg\" alt=\"\" class=\"wp-image-149\" srcset=\"https:\/\/activrando.org\/AR_blog\/wp-content\/uploads\/2019\/01\/181111-Ferrieres-S-05-panneau-GR3-Lavoine.jpg 700w, https:\/\/activrando.org\/AR_blog\/wp-content\/uploads\/2019\/01\/181111-Ferrieres-S-05-panneau-GR3-Lavoine-300x276.jpg 300w\" sizes=\"(max-width: 700px) 100vw, 700px\" \/><figcaption>&nbsp;&nbsp;&nbsp;<br><br>&nbsp;&nbsp;&nbsp;<\/figcaption><\/figure><\/div>\n\n\n\n<figure class=\"wp-block-image\"><img decoding=\"async\" loading=\"lazy\" width=\"1024\" height=\"540\" src=\"https:\/\/activrando.org\/AR_blog\/wp-content\/uploads\/2019\/01\/181111-Ferrieres-S-06-vaches.jpg\" alt=\"\" class=\"wp-image-150\" srcset=\"https:\/\/activrando.org\/AR_blog\/wp-content\/uploads\/2019\/01\/181111-Ferrieres-S-06-vaches.jpg 1024w, https:\/\/activrando.org\/AR_blog\/wp-content\/uploads\/2019\/01\/181111-Ferrieres-S-06-vaches-300x158.jpg 300w, https:\/\/activrando.org\/AR_blog\/wp-content\/uploads\/2019\/01\/181111-Ferrieres-S-06-vaches-768x405.jpg 768w\" sizes=\"(max-width: 1024px) 100vw, 1024px\" \/><figcaption>&nbsp;&nbsp;&nbsp;<br><br>&nbsp;&nbsp;&nbsp;<\/figcaption><\/figure>\n\n\n\n<figure class=\"wp-block-image\"><img decoding=\"async\" loading=\"lazy\" width=\"1024\" height=\"680\" src=\"https:\/\/activrando.org\/AR_blog\/wp-content\/uploads\/2019\/01\/181111-Ferrieres-S-07-feuillages.jpg\" alt=\"\" class=\"wp-image-151\" srcset=\"https:\/\/activrando.org\/AR_blog\/wp-content\/uploads\/2019\/01\/181111-Ferrieres-S-07-feuillages.jpg 1024w, https:\/\/activrando.org\/AR_blog\/wp-content\/uploads\/2019\/01\/181111-Ferrieres-S-07-feuillages-300x199.jpg 300w, https:\/\/activrando.org\/AR_blog\/wp-content\/uploads\/2019\/01\/181111-Ferrieres-S-07-feuillages-768x510.jpg 768w\" sizes=\"(max-width: 1024px) 100vw, 1024px\" \/><figcaption>&nbsp;&nbsp;&nbsp;<br><br>&nbsp;&nbsp;&nbsp;<\/figcaption><\/figure>\n\n\n\n<figure class=\"wp-block-image\"><img decoding=\"async\" loading=\"lazy\" width=\"1024\" height=\"680\" src=\"https:\/\/activrando.org\/AR_blog\/wp-content\/uploads\/2019\/01\/181111-Ferrieres-S-08-foret.jpg\" alt=\"\" class=\"wp-image-152\" srcset=\"https:\/\/activrando.org\/AR_blog\/wp-content\/uploads\/2019\/01\/181111-Ferrieres-S-08-foret.jpg 1024w, https:\/\/activrando.org\/AR_blog\/wp-content\/uploads\/2019\/01\/181111-Ferrieres-S-08-foret-300x199.jpg 300w, https:\/\/activrando.org\/AR_blog\/wp-content\/uploads\/2019\/01\/181111-Ferrieres-S-08-foret-768x510.jpg 768w\" sizes=\"(max-width: 1024px) 100vw, 1024px\" \/><figcaption>&nbsp;&nbsp;&nbsp;<br><br>&nbsp;&nbsp;&nbsp;<\/figcaption><\/figure>\n\n\n\n<figure class=\"wp-block-image\"><img decoding=\"async\" loading=\"lazy\" width=\"1024\" height=\"768\" src=\"https:\/\/activrando.org\/AR_blog\/wp-content\/uploads\/2019\/01\/181111-Ferrieres-S-09-coupe-bois.jpg\" alt=\"\" class=\"wp-image-153\" srcset=\"https:\/\/activrando.org\/AR_blog\/wp-content\/uploads\/2019\/01\/181111-Ferrieres-S-09-coupe-bois.jpg 1024w, https:\/\/activrando.org\/AR_blog\/wp-content\/uploads\/2019\/01\/181111-Ferrieres-S-09-coupe-bois-300x225.jpg 300w, https:\/\/activrando.org\/AR_blog\/wp-content\/uploads\/2019\/01\/181111-Ferrieres-S-09-coupe-bois-768x576.jpg 768w\" sizes=\"(max-width: 1024px) 100vw, 1024px\" \/><\/figure>\n\n\n\n<p><strong><a href=\"https:\/\/activrando.org\/AR_blog\/2018\/11\/19\/la-chassaigne-journee-rando-a-bert\/\">&gt; &gt; &gt; ARTICLE SUIVANT<\/a><\/strong><\/p>\n\n\n\n<p><strong><a href=\"https:\/\/activrando.org\/AR_blog\/\">&gt; &gt; &gt; ACCUEIL DU BLOG<\/a><\/strong><\/p>\n\n\n\n<p><strong><a href=\"https:\/\/activrando.org\/AR_blog\/2018\/10\/18\/moutet-journee-rando-au-breuil\/\">&gt; &gt; &gt; ARTICLE PR\u00c9C\u00c9DENT<\/a><\/strong><\/p>\n","protected":false},"excerpt":{"rendered":"<p>Une balade sur les flancs et cr\u00eates de la Montagne Bourbonnaise, dans la belle lumi\u00e8re d&rsquo;automne.<\/p>\n","protected":false},"author":1,"featured_media":200,"comment_status":"closed","ping_status":"closed","sticky":false,"template":"","format":"standard","meta":[],"categories":[2],"tags":[],"_links":{"self":[{"href":"https:\/\/activrando.org\/AR_blog\/wp-json\/wp\/v2\/posts\/154"}],"collection":[{"href":"https:\/\/activrando.org\/AR_blog\/wp-json\/wp\/v2\/posts"}],"about":[{"href":"https:\/\/activrando.org\/AR_blog\/wp-json\/wp\/v2\/types\/post"}],"author":[{"embeddable":true,"href":"https:\/\/activrando.org\/AR_blog\/wp-json\/wp\/v2\/users\/1"}],"replies":[{"embeddable":true,"href":"https:\/\/activrando.org\/AR_blog\/wp-json\/wp\/v2\/comments?post=154"}],"version-history":[{"count":6,"href":"https:\/\/activrando.org\/AR_blog\/wp-json\/wp\/v2\/posts\/154\/revisions"}],"predecessor-version":[{"id":2450,"href":"https:\/\/activrando.org\/AR_blog\/wp-json\/wp\/v2\/posts\/154\/revisions\/2450"}],"wp:featuredmedia":[{"embeddable":true,"href":"https:\/\/activrando.org\/AR_blog\/wp-json\/wp\/v2\/media\/200"}],"wp:attachment":[{"href":"https:\/\/activrando.org\/AR_blog\/wp-json\/wp\/v2\/media?parent=154"}],"wp:term":[{"taxonomy":"category","embeddable":true,"href":"https:\/\/activrando.org\/AR_blog\/wp-json\/wp\/v2\/categories?post=154"},{"taxonomy":"post_tag","embeddable":true,"href":"https:\/\/activrando.org\/AR_blog\/wp-json\/wp\/v2\/tags?post=154"}],"curies":[{"name":"wp","href":"https:\/\/api.w.org\/{rel}","templated":true}]}}