{"id":1455,"date":"2020-10-04T20:21:27","date_gmt":"2020-10-04T18:21:27","guid":{"rendered":"http:\/\/activrando.org\/AR_blog\/?p=1455"},"modified":"2020-11-06T10:12:53","modified_gmt":"2020-11-06T09:12:53","slug":"cascade-de-la-pisserotte-le-4-octobre","status":"publish","type":"post","link":"https:\/\/activrando.org\/AR_blog\/2020\/10\/04\/cascade-de-la-pisserotte-le-4-octobre\/","title":{"rendered":"\u00a0\u00bbCascade de la Pisserotte\u00a0\u00bb, le 4 octobre \u00e0 Ch\u00e2tel-M. (16 photos)"},"content":{"rendered":"\n<p style=\"text-align:center\"><strong><a href=\"https:\/\/activrando.org\/AR_blog\/2020\/10\/01\/cheval-rigon-le-1er-octobre\/\">&lt; &lt; &lt; ARTICLE PR\u00c9C\u00c9DENT<\/a>  &#8212;&#8212;&#8212;&#8212;&#8212;&#8212;-  <a href=\"https:\/\/activrando.org\/AR_blog\/\">ACCUEIL DU BLOG<\/a> &#8212;&#8212;&#8212;&#8212;&#8212;&#8212;&#8212;-  <a href=\"https:\/\/activrando.org\/AR_blog\/2020\/10\/08\/chateau-de-beaumont-le-8-octobre\/\">ARTICLE SUIVANT &gt; &gt; &gt;<\/a><\/strong><\/p>\n\n\n\n<p style=\"text-align:center\">&#8230;<\/p>\n\n\n\n<p class=\"has-medium-font-size\"><strong>Parcours de 23 km au d\u00e9part de Ch\u00e2tel-Montagne, pour aller voir la seule cascade du secteur. Apr\u00e8s un \u00e9t\u00e9 tr\u00e8s sec pendant lequel le Barbenan s&rsquo;est r\u00e9duit \u00e0 un filet d&rsquo;eau, la rivi\u00e8re a retrouv\u00e9 toute sa vigueur et la cascade est redevenue belle \u00e0 voir&#8230; Voil\u00e0 pourquoi nous sommes l\u00e0&#8230;<\/strong><\/p>\n\n\n\n<figure class=\"wp-block-image\"><img decoding=\"async\" loading=\"lazy\" width=\"1024\" height=\"683\" src=\"https:\/\/activrando.org\/AR_blog\/wp-content\/uploads\/2020\/10\/201004-Chatel-M-01-riviere-Barbenan-1024x683.jpg\" alt=\"\" class=\"wp-image-1456\" srcset=\"https:\/\/activrando.org\/AR_blog\/wp-content\/uploads\/2020\/10\/201004-Chatel-M-01-riviere-Barbenan.jpg 1024w, https:\/\/activrando.org\/AR_blog\/wp-content\/uploads\/2020\/10\/201004-Chatel-M-01-riviere-Barbenan-300x200.jpg 300w, https:\/\/activrando.org\/AR_blog\/wp-content\/uploads\/2020\/10\/201004-Chatel-M-01-riviere-Barbenan-768x512.jpg 768w\" sizes=\"(max-width: 1024px) 100vw, 1024px\" \/><figcaption><strong>Le Barbenan \u00e0 1,5 km en aval de la cascade.<\/strong><\/figcaption><\/figure>\n\n\n\n<figure class=\"wp-block-image\"><img decoding=\"async\" loading=\"lazy\" width=\"1024\" height=\"683\" src=\"https:\/\/activrando.org\/AR_blog\/wp-content\/uploads\/2020\/10\/201004-Chatel-M-02-foret-hetres-1024x683.jpg\" alt=\"\" class=\"wp-image-1457\" srcset=\"https:\/\/activrando.org\/AR_blog\/wp-content\/uploads\/2020\/10\/201004-Chatel-M-02-foret-hetres.jpg 1024w, https:\/\/activrando.org\/AR_blog\/wp-content\/uploads\/2020\/10\/201004-Chatel-M-02-foret-hetres-300x200.jpg 300w, https:\/\/activrando.org\/AR_blog\/wp-content\/uploads\/2020\/10\/201004-Chatel-M-02-foret-hetres-768x512.jpg 768w\" sizes=\"(max-width: 1024px) 100vw, 1024px\" \/><figcaption><strong>La h\u00eatraie est ici tr\u00e8s belle \u00e0 traverser&#8230;<\/strong><\/figcaption><\/figure>\n\n\n\n<figure class=\"wp-block-image\"><img decoding=\"async\" loading=\"lazy\" width=\"1024\" height=\"680\" src=\"https:\/\/activrando.org\/AR_blog\/wp-content\/uploads\/2020\/10\/201004-Chatel-M-03-souche-hetre-mousse-1024x680.jpg\" alt=\"\" class=\"wp-image-1458\" srcset=\"https:\/\/activrando.org\/AR_blog\/wp-content\/uploads\/2020\/10\/201004-Chatel-M-03-souche-hetre-mousse.jpg 1024w, https:\/\/activrando.org\/AR_blog\/wp-content\/uploads\/2020\/10\/201004-Chatel-M-03-souche-hetre-mousse-300x199.jpg 300w, https:\/\/activrando.org\/AR_blog\/wp-content\/uploads\/2020\/10\/201004-Chatel-M-03-souche-hetre-mousse-768x510.jpg 768w\" sizes=\"(max-width: 1024px) 100vw, 1024px\" \/><figcaption>&#8230;<\/figcaption><\/figure>\n\n\n\n<figure class=\"wp-block-image\"><img decoding=\"async\" loading=\"lazy\" width=\"1024\" height=\"683\" src=\"https:\/\/activrando.org\/AR_blog\/wp-content\/uploads\/2020\/10\/201004-Chatel-M-04-groupe-marche-1024x683.jpg\" alt=\"\" class=\"wp-image-1459\" srcset=\"https:\/\/activrando.org\/AR_blog\/wp-content\/uploads\/2020\/10\/201004-Chatel-M-04-groupe-marche.jpg 1024w, https:\/\/activrando.org\/AR_blog\/wp-content\/uploads\/2020\/10\/201004-Chatel-M-04-groupe-marche-300x200.jpg 300w, https:\/\/activrando.org\/AR_blog\/wp-content\/uploads\/2020\/10\/201004-Chatel-M-04-groupe-marche-768x512.jpg 768w\" sizes=\"(max-width: 1024px) 100vw, 1024px\" \/><figcaption><strong>Nous descendons dans le vallon de la cascade&#8230;<\/strong><\/figcaption><\/figure>\n\n\n\n<figure class=\"wp-block-image\"><img decoding=\"async\" loading=\"lazy\" width=\"1024\" height=\"819\" src=\"https:\/\/activrando.org\/AR_blog\/wp-content\/uploads\/2020\/10\/201004-Chatel-M-05-ecume-riviere-1024x819.jpg\" alt=\"\" class=\"wp-image-1460\" srcset=\"https:\/\/activrando.org\/AR_blog\/wp-content\/uploads\/2020\/10\/201004-Chatel-M-05-ecume-riviere.jpg 1024w, https:\/\/activrando.org\/AR_blog\/wp-content\/uploads\/2020\/10\/201004-Chatel-M-05-ecume-riviere-300x240.jpg 300w, https:\/\/activrando.org\/AR_blog\/wp-content\/uploads\/2020\/10\/201004-Chatel-M-05-ecume-riviere-768x614.jpg 768w\" sizes=\"(max-width: 1024px) 100vw, 1024px\" \/><figcaption><strong>Le fort brassage de l&rsquo;eau produit naturellement de l&rsquo;\u00e9cume.<\/strong><\/figcaption><\/figure>\n\n\n\n<figure class=\"wp-block-image\"><img decoding=\"async\" loading=\"lazy\" width=\"1024\" height=\"819\" src=\"https:\/\/activrando.org\/AR_blog\/wp-content\/uploads\/2020\/10\/201004-Chatel-M-06-cascade-1024x819.jpg\" alt=\"\" class=\"wp-image-1461\" srcset=\"https:\/\/activrando.org\/AR_blog\/wp-content\/uploads\/2020\/10\/201004-Chatel-M-06-cascade.jpg 1024w, https:\/\/activrando.org\/AR_blog\/wp-content\/uploads\/2020\/10\/201004-Chatel-M-06-cascade-300x240.jpg 300w, https:\/\/activrando.org\/AR_blog\/wp-content\/uploads\/2020\/10\/201004-Chatel-M-06-cascade-768x614.jpg 768w\" sizes=\"(max-width: 1024px) 100vw, 1024px\" \/><figcaption><strong>Suite \u00e0 des chutes d&rsquo;arbres (qui n&rsquo;ont pas \u00e9t\u00e9 retir\u00e9s), le site de la cascade est rest\u00e9 assez chaotique  et c&rsquo;est moins joli qu&rsquo;auparavant.<\/strong><\/figcaption><\/figure>\n\n\n\n<figure class=\"wp-block-image\"><img decoding=\"async\" loading=\"lazy\" width=\"1024\" height=\"680\" src=\"https:\/\/activrando.org\/AR_blog\/wp-content\/uploads\/2020\/10\/201004-Chatel-M-07-groupe-pose-1024x680.jpg\" alt=\"\" class=\"wp-image-1462\" srcset=\"https:\/\/activrando.org\/AR_blog\/wp-content\/uploads\/2020\/10\/201004-Chatel-M-07-groupe-pose.jpg 1024w, https:\/\/activrando.org\/AR_blog\/wp-content\/uploads\/2020\/10\/201004-Chatel-M-07-groupe-pose-300x199.jpg 300w, https:\/\/activrando.org\/AR_blog\/wp-content\/uploads\/2020\/10\/201004-Chatel-M-07-groupe-pose-768x510.jpg 768w\" sizes=\"(max-width: 1024px) 100vw, 1024px\" \/><figcaption>&#8230;<\/figcaption><\/figure>\n\n\n\n<div class=\"wp-block-image\"><figure class=\"aligncenter\"><img decoding=\"async\" loading=\"lazy\" width=\"680\" height=\"850\" src=\"https:\/\/activrando.org\/AR_blog\/wp-content\/uploads\/2020\/10\/201004-Chatel-M-08-arbre-lierre.jpg\" alt=\"\" class=\"wp-image-1463\" srcset=\"https:\/\/activrando.org\/AR_blog\/wp-content\/uploads\/2020\/10\/201004-Chatel-M-08-arbre-lierre.jpg 680w, https:\/\/activrando.org\/AR_blog\/wp-content\/uploads\/2020\/10\/201004-Chatel-M-08-arbre-lierre-240x300.jpg 240w\" sizes=\"(max-width: 680px) 100vw, 680px\" \/><figcaption>&#8230;<\/figcaption><\/figure><\/div>\n\n\n\n<figure class=\"wp-block-image\"><img decoding=\"async\" loading=\"lazy\" width=\"1024\" height=\"819\" src=\"https:\/\/activrando.org\/AR_blog\/wp-content\/uploads\/2020\/10\/201004-Chatel-M-09-fenes-1024x819.jpg\" alt=\"\" class=\"wp-image-1464\" srcset=\"https:\/\/activrando.org\/AR_blog\/wp-content\/uploads\/2020\/10\/201004-Chatel-M-09-fenes.jpg 1024w, https:\/\/activrando.org\/AR_blog\/wp-content\/uploads\/2020\/10\/201004-Chatel-M-09-fenes-300x240.jpg 300w, https:\/\/activrando.org\/AR_blog\/wp-content\/uploads\/2020\/10\/201004-Chatel-M-09-fenes-768x614.jpg 768w\" sizes=\"(max-width: 1024px) 100vw, 1024px\" \/><figcaption><strong>Sous les arbres en automne les fruits s&rsquo;accumulent. ici ce sont les faines des h\u00eatres.<\/strong><\/figcaption><\/figure>\n\n\n\n<figure class=\"wp-block-image\"><img decoding=\"async\" loading=\"lazy\" width=\"1024\" height=\"680\" src=\"https:\/\/activrando.org\/AR_blog\/wp-content\/uploads\/2020\/10\/201004-Chatel-M-10-passerelle-planche-1024x680.jpg\" alt=\"\" class=\"wp-image-1465\" srcset=\"https:\/\/activrando.org\/AR_blog\/wp-content\/uploads\/2020\/10\/201004-Chatel-M-10-passerelle-planche.jpg 1024w, https:\/\/activrando.org\/AR_blog\/wp-content\/uploads\/2020\/10\/201004-Chatel-M-10-passerelle-planche-300x199.jpg 300w, https:\/\/activrando.org\/AR_blog\/wp-content\/uploads\/2020\/10\/201004-Chatel-M-10-passerelle-planche-768x510.jpg 768w\" sizes=\"(max-width: 1024px) 100vw, 1024px\" \/><figcaption><strong>Une petite passerelle c&rsquo;est bien pratique&#8230; Mais par temps humide celle-ci, faite d&rsquo;une planche de bois, est glissante comme une patinoire&#8230;<\/strong><\/figcaption><\/figure>\n\n\n\n<figure class=\"wp-block-image\"><img decoding=\"async\" loading=\"lazy\" width=\"1024\" height=\"683\" src=\"https:\/\/activrando.org\/AR_blog\/wp-content\/uploads\/2020\/10\/201004-Chatel-M-11-mare-1024x683.jpg\" alt=\"\" class=\"wp-image-1466\" srcset=\"https:\/\/activrando.org\/AR_blog\/wp-content\/uploads\/2020\/10\/201004-Chatel-M-11-mare.jpg 1024w, https:\/\/activrando.org\/AR_blog\/wp-content\/uploads\/2020\/10\/201004-Chatel-M-11-mare-300x200.jpg 300w, https:\/\/activrando.org\/AR_blog\/wp-content\/uploads\/2020\/10\/201004-Chatel-M-11-mare-768x512.jpg 768w\" sizes=\"(max-width: 1024px) 100vw, 1024px\" \/><figcaption>&#8230;<\/figcaption><\/figure>\n\n\n\n<figure class=\"wp-block-image\"><img decoding=\"async\" loading=\"lazy\" width=\"1024\" height=\"768\" src=\"https:\/\/activrando.org\/AR_blog\/wp-content\/uploads\/2020\/10\/201004-Chatel-M-12-feuilles-fruits-sorbier-1024x768.jpg\" alt=\"\" class=\"wp-image-1467\" srcset=\"https:\/\/activrando.org\/AR_blog\/wp-content\/uploads\/2020\/10\/201004-Chatel-M-12-feuilles-fruits-sorbier.jpg 1024w, https:\/\/activrando.org\/AR_blog\/wp-content\/uploads\/2020\/10\/201004-Chatel-M-12-feuilles-fruits-sorbier-300x225.jpg 300w, https:\/\/activrando.org\/AR_blog\/wp-content\/uploads\/2020\/10\/201004-Chatel-M-12-feuilles-fruits-sorbier-768x576.jpg 768w\" sizes=\"(max-width: 1024px) 100vw, 1024px\" \/><figcaption>&#8230;<\/figcaption><\/figure>\n\n\n\n<figure class=\"wp-block-image\"><img decoding=\"async\" loading=\"lazy\" width=\"1024\" height=\"768\" src=\"https:\/\/activrando.org\/AR_blog\/wp-content\/uploads\/2020\/10\/201004-Chatel-M-13-feuilles-fruits-sorbier-1024x768.jpg\" alt=\"\" class=\"wp-image-1468\" srcset=\"https:\/\/activrando.org\/AR_blog\/wp-content\/uploads\/2020\/10\/201004-Chatel-M-13-feuilles-fruits-sorbier.jpg 1024w, https:\/\/activrando.org\/AR_blog\/wp-content\/uploads\/2020\/10\/201004-Chatel-M-13-feuilles-fruits-sorbier-300x225.jpg 300w, https:\/\/activrando.org\/AR_blog\/wp-content\/uploads\/2020\/10\/201004-Chatel-M-13-feuilles-fruits-sorbier-768x576.jpg 768w\" sizes=\"(max-width: 1024px) 100vw, 1024px\" \/><figcaption><strong>Les branches du sorbier, comme une pluie de fruits rouges&#8230;<\/strong><\/figcaption><\/figure>\n\n\n\n<figure class=\"wp-block-image\"><img decoding=\"async\" loading=\"lazy\" width=\"1024\" height=\"768\" src=\"https:\/\/activrando.org\/AR_blog\/wp-content\/uploads\/2020\/10\/201004-Chatel-M-14-chien-crocs-1024x768.jpg\" alt=\"\" class=\"wp-image-1469\" srcset=\"https:\/\/activrando.org\/AR_blog\/wp-content\/uploads\/2020\/10\/201004-Chatel-M-14-chien-crocs.jpg 1024w, https:\/\/activrando.org\/AR_blog\/wp-content\/uploads\/2020\/10\/201004-Chatel-M-14-chien-crocs-300x225.jpg 300w, https:\/\/activrando.org\/AR_blog\/wp-content\/uploads\/2020\/10\/201004-Chatel-M-14-chien-crocs-768x576.jpg 768w\" sizes=\"(max-width: 1024px) 100vw, 1024px\" \/><figcaption><strong>Grrrrrrr !<\/strong><\/figcaption><\/figure>\n\n\n\n<figure class=\"wp-block-image\"><img decoding=\"async\" loading=\"lazy\" width=\"1024\" height=\"683\" src=\"https:\/\/activrando.org\/AR_blog\/wp-content\/uploads\/2020\/10\/201004-Chatel-M-15-soc-1024x683.jpg\" alt=\"\" class=\"wp-image-1470\" srcset=\"https:\/\/activrando.org\/AR_blog\/wp-content\/uploads\/2020\/10\/201004-Chatel-M-15-soc.jpg 1024w, https:\/\/activrando.org\/AR_blog\/wp-content\/uploads\/2020\/10\/201004-Chatel-M-15-soc-300x200.jpg 300w, https:\/\/activrando.org\/AR_blog\/wp-content\/uploads\/2020\/10\/201004-Chatel-M-15-soc-768x512.jpg 768w\" sizes=\"(max-width: 1024px) 100vw, 1024px\" \/><figcaption><strong>Il n&rsquo;y a pas si longtemps (un si\u00e8cle ?) ce genre d&rsquo;outil, simple soc sur support bois, rendait de grands services pour labourer de petits lopins de terre&#8230;<\/strong><\/figcaption><\/figure>\n\n\n\n<figure class=\"wp-block-image\"><img decoding=\"async\" loading=\"lazy\" width=\"1024\" height=\"819\" src=\"https:\/\/activrando.org\/AR_blog\/wp-content\/uploads\/2020\/10\/201004-Chatel-M-16-village-1024x819.jpg\" alt=\"\" class=\"wp-image-1471\" srcset=\"https:\/\/activrando.org\/AR_blog\/wp-content\/uploads\/2020\/10\/201004-Chatel-M-16-village.jpg 1024w, https:\/\/activrando.org\/AR_blog\/wp-content\/uploads\/2020\/10\/201004-Chatel-M-16-village-300x240.jpg 300w, https:\/\/activrando.org\/AR_blog\/wp-content\/uploads\/2020\/10\/201004-Chatel-M-16-village-768x614.jpg 768w\" sizes=\"(max-width: 1024px) 100vw, 1024px\" \/><figcaption><strong>Nous revenons \u00e0 Ch\u00e2tel-M. par Bassinet&#8230; Gr\u00e2ce a une coupe r\u00e9cente de la for\u00eat, la vue est maintenant bien ouverte sur le village camp\u00e9 sur son promontoire.<\/strong><\/figcaption><\/figure>\n\n\n\n<p style=\"text-align:center\">&#8230;<\/p>\n\n\n\n<p style=\"text-align:center\"><strong><a href=\"https:\/\/activrando.org\/AR_blog\/2020\/10\/01\/cheval-rigon-le-1er-octobre\/\">&lt; &lt; &lt; ARTICLE PR\u00c9C\u00c9DENT<\/a>  &#8212;&#8212;&#8212;&#8212;&#8212;&#8212;-  <a href=\"https:\/\/activrando.org\/AR_blog\/\">ACCUEIL DU BLOG<\/a> &#8212;&#8212;&#8212;&#8212;&#8212;&#8212;&#8212;-  <a href=\"https:\/\/activrando.org\/AR_blog\/2020\/10\/08\/chateau-de-beaumont-le-8-octobre\/\">ARTICLE SUIVANT &gt; &gt; &gt;<\/a><\/strong><\/p>\n","protected":false},"excerpt":{"rendered":"<p>&lt; &lt; &lt; ARTICLE PR\u00c9C\u00c9DENT &#8212;&#8212;&#8212;&#8212;&#8212;&#8212;- ACCUEIL DU BLOG &#8212;&#8212;&#8212;&#8212;&#8212;&#8212;&#8212;- ARTICLE SUIVANT &gt; &gt; &gt; &#8230; Parcours de 23 km au d\u00e9part de Ch\u00e2tel-Montagne, pour aller voir la seule cascade du secteur. Apr\u00e8s un \u00e9t\u00e9 tr\u00e8s sec pendant lequel le Barbenan s&rsquo;est r\u00e9duit \u00e0 un filet d&rsquo;eau, la rivi\u00e8re a&#8230;<\/p>\n","protected":false},"author":2,"featured_media":1730,"comment_status":"closed","ping_status":"closed","sticky":false,"template":"","format":"standard","meta":[],"categories":[2],"tags":[],"_links":{"self":[{"href":"https:\/\/activrando.org\/AR_blog\/wp-json\/wp\/v2\/posts\/1455"}],"collection":[{"href":"https:\/\/activrando.org\/AR_blog\/wp-json\/wp\/v2\/posts"}],"about":[{"href":"https:\/\/activrando.org\/AR_blog\/wp-json\/wp\/v2\/types\/post"}],"author":[{"embeddable":true,"href":"https:\/\/activrando.org\/AR_blog\/wp-json\/wp\/v2\/users\/2"}],"replies":[{"embeddable":true,"href":"https:\/\/activrando.org\/AR_blog\/wp-json\/wp\/v2\/comments?post=1455"}],"version-history":[{"count":6,"href":"https:\/\/activrando.org\/AR_blog\/wp-json\/wp\/v2\/posts\/1455\/revisions"}],"predecessor-version":[{"id":1534,"href":"https:\/\/activrando.org\/AR_blog\/wp-json\/wp\/v2\/posts\/1455\/revisions\/1534"}],"wp:featuredmedia":[{"embeddable":true,"href":"https:\/\/activrando.org\/AR_blog\/wp-json\/wp\/v2\/media\/1730"}],"wp:attachment":[{"href":"https:\/\/activrando.org\/AR_blog\/wp-json\/wp\/v2\/media?parent=1455"}],"wp:term":[{"taxonomy":"category","embeddable":true,"href":"https:\/\/activrando.org\/AR_blog\/wp-json\/wp\/v2\/categories?post=1455"},{"taxonomy":"post_tag","embeddable":true,"href":"https:\/\/activrando.org\/AR_blog\/wp-json\/wp\/v2\/tags?post=1455"}],"curies":[{"name":"wp","href":"https:\/\/api.w.org\/{rel}","templated":true}]}}