{"id":1445,"date":"2020-10-08T22:12:01","date_gmt":"2020-10-08T20:12:01","guid":{"rendered":"http:\/\/activrando.org\/AR_blog\/?p=1445"},"modified":"2020-11-06T10:12:01","modified_gmt":"2020-11-06T09:12:01","slug":"chateau-de-beaumont-le-8-octobre","status":"publish","type":"post","link":"https:\/\/activrando.org\/AR_blog\/2020\/10\/08\/chateau-de-beaumont-le-8-octobre\/","title":{"rendered":"\u00a0\u00bbCh\u00e2teau de Beaumont\u00a0\u00bb le 8 octobre \u00e0 Creuzier-le-neuf (9 photos)"},"content":{"rendered":"\n<p style=\"text-align:center\"><strong><a href=\"https:\/\/activrando.org\/AR_blog\/2020\/10\/04\/cascade-de-la-pisserotte-le-4-octobre\/\">&lt; &lt; &lt; ARTICLE PR\u00c9C\u00c9DENT<\/a>  &#8212;&#8212;&#8212;&#8212;&#8212;&#8212;-  <a href=\"https:\/\/activrando.org\/AR_blog\/\">ACCUEIL DU BLOG<\/a> &#8212;&#8212;&#8212;&#8212;&#8212;&#8212;&#8212;-  <a href=\"https:\/\/activrando.org\/AR_blog\/2020\/10\/15\/les-coteaux-le-15-octobre\/\">ARTICLE SUIVANT &gt; &gt; &gt;<\/a><\/strong><\/p>\n\n\n\n<p style=\"text-align:center\">&#8230;<\/p>\n\n\n\n<p class=\"has-medium-font-size\"><strong>Un circuit de 13 km en plaine, au d\u00e9part des Guittons, pour aller marche du c\u00f4t\u00e9 de Bost et de Magnet, en passant d&rsquo;abord par la bosse o\u00f9 se trouve le ch\u00e2teau&#8230;<\/strong><\/p>\n\n\n\n<figure class=\"wp-block-image\"><img decoding=\"async\" loading=\"lazy\" width=\"1024\" height=\"680\" src=\"https:\/\/activrando.org\/AR_blog\/wp-content\/uploads\/2020\/10\/201008-Creuzier-01-maison-fortifiee-1024x680.jpg\" alt=\"\" class=\"wp-image-1446\" srcset=\"https:\/\/activrando.org\/AR_blog\/wp-content\/uploads\/2020\/10\/201008-Creuzier-01-maison-fortifiee.jpg 1024w, https:\/\/activrando.org\/AR_blog\/wp-content\/uploads\/2020\/10\/201008-Creuzier-01-maison-fortifiee-300x199.jpg 300w, https:\/\/activrando.org\/AR_blog\/wp-content\/uploads\/2020\/10\/201008-Creuzier-01-maison-fortifiee-768x510.jpg 768w\" sizes=\"(max-width: 1024px) 100vw, 1024px\" \/><figcaption><strong>Nous passons d&rsquo;abord par la maison fortifi\u00e9e de Baleyne. V\u00e9ritable ancien petit ch\u00e2teau, qui \u00e9tait entour\u00e9 de douves d\u00e9sormais \u00e0 sec.<\/strong><\/figcaption><\/figure>\n\n\n\n<figure class=\"wp-block-image\"><img decoding=\"async\" loading=\"lazy\" width=\"1024\" height=\"680\" src=\"https:\/\/activrando.org\/AR_blog\/wp-content\/uploads\/2020\/10\/201008-Creuzier-02-maison-fortifiee-1024x680.jpg\" alt=\"\" class=\"wp-image-1447\" srcset=\"https:\/\/activrando.org\/AR_blog\/wp-content\/uploads\/2020\/10\/201008-Creuzier-02-maison-fortifiee.jpg 1024w, https:\/\/activrando.org\/AR_blog\/wp-content\/uploads\/2020\/10\/201008-Creuzier-02-maison-fortifiee-300x199.jpg 300w, https:\/\/activrando.org\/AR_blog\/wp-content\/uploads\/2020\/10\/201008-Creuzier-02-maison-fortifiee-768x510.jpg 768w\" sizes=\"(max-width: 1024px) 100vw, 1024px\" \/><figcaption><strong>Dans la cour int\u00e9rieure.<\/strong><\/figcaption><\/figure>\n\n\n\n<figure class=\"wp-block-image\"><img decoding=\"async\" loading=\"lazy\" width=\"995\" height=\"663\" src=\"https:\/\/activrando.org\/AR_blog\/wp-content\/uploads\/2020\/10\/201008-Creuzier-03-chateau-Beaumont-arriere.jpg\" alt=\"\" class=\"wp-image-1448\" srcset=\"https:\/\/activrando.org\/AR_blog\/wp-content\/uploads\/2020\/10\/201008-Creuzier-03-chateau-Beaumont-arriere.jpg 995w, https:\/\/activrando.org\/AR_blog\/wp-content\/uploads\/2020\/10\/201008-Creuzier-03-chateau-Beaumont-arriere-300x200.jpg 300w, https:\/\/activrando.org\/AR_blog\/wp-content\/uploads\/2020\/10\/201008-Creuzier-03-chateau-Beaumont-arriere-768x512.jpg 768w\" sizes=\"(max-width: 995px) 100vw, 995px\" \/><figcaption><strong>Vu par l&rsquo;arri\u00e8re, le ch\u00e2teau n&rsquo;est pas tr\u00e8s impressionnant.<\/strong><\/figcaption><\/figure>\n\n\n\n<figure class=\"wp-block-image\"><img decoding=\"async\" loading=\"lazy\" width=\"1024\" height=\"683\" src=\"https:\/\/activrando.org\/AR_blog\/wp-content\/uploads\/2020\/10\/201008-Creuzier-04-groupe-marche-1024x683.jpg\" alt=\"\" class=\"wp-image-1449\" srcset=\"https:\/\/activrando.org\/AR_blog\/wp-content\/uploads\/2020\/10\/201008-Creuzier-04-groupe-marche.jpg 1024w, https:\/\/activrando.org\/AR_blog\/wp-content\/uploads\/2020\/10\/201008-Creuzier-04-groupe-marche-300x200.jpg 300w, https:\/\/activrando.org\/AR_blog\/wp-content\/uploads\/2020\/10\/201008-Creuzier-04-groupe-marche-768x512.jpg 768w\" sizes=\"(max-width: 1024px) 100vw, 1024px\" \/><figcaption>&#8230;<\/figcaption><\/figure>\n\n\n\n<figure class=\"wp-block-image\"><img decoding=\"async\" loading=\"lazy\" width=\"800\" height=\"800\" src=\"https:\/\/activrando.org\/AR_blog\/wp-content\/uploads\/2020\/10\/201008-Creuzier-05-chien-Tekos-herbe.jpg\" alt=\"\" class=\"wp-image-1450\" srcset=\"https:\/\/activrando.org\/AR_blog\/wp-content\/uploads\/2020\/10\/201008-Creuzier-05-chien-Tekos-herbe.jpg 800w, https:\/\/activrando.org\/AR_blog\/wp-content\/uploads\/2020\/10\/201008-Creuzier-05-chien-Tekos-herbe-150x150.jpg 150w, https:\/\/activrando.org\/AR_blog\/wp-content\/uploads\/2020\/10\/201008-Creuzier-05-chien-Tekos-herbe-300x300.jpg 300w, https:\/\/activrando.org\/AR_blog\/wp-content\/uploads\/2020\/10\/201008-Creuzier-05-chien-Tekos-herbe-768x768.jpg 768w\" sizes=\"(max-width: 800px) 100vw, 800px\" \/><figcaption>Mmmm, que c&rsquo;est bon de se rouler dans l&rsquo;herbe ! ! !<br>C&rsquo;est la minute de bonheur de Tecos&#8230;<\/figcaption><\/figure>\n\n\n\n<figure class=\"wp-block-image\"><img decoding=\"async\" loading=\"lazy\" width=\"1024\" height=\"683\" src=\"https:\/\/activrando.org\/AR_blog\/wp-content\/uploads\/2020\/10\/201008-Creuzier-06-etang-arbre-reflets-1024x683.jpg\" alt=\"\" class=\"wp-image-1451\" srcset=\"https:\/\/activrando.org\/AR_blog\/wp-content\/uploads\/2020\/10\/201008-Creuzier-06-etang-arbre-reflets.jpg 1024w, https:\/\/activrando.org\/AR_blog\/wp-content\/uploads\/2020\/10\/201008-Creuzier-06-etang-arbre-reflets-300x200.jpg 300w, https:\/\/activrando.org\/AR_blog\/wp-content\/uploads\/2020\/10\/201008-Creuzier-06-etang-arbre-reflets-768x512.jpg 768w\" sizes=\"(max-width: 1024px) 100vw, 1024px\" \/><figcaption>&#8230;<\/figcaption><\/figure>\n\n\n\n<figure class=\"wp-block-image\"><img decoding=\"async\" loading=\"lazy\" width=\"1024\" height=\"683\" src=\"https:\/\/activrando.org\/AR_blog\/wp-content\/uploads\/2020\/10\/201008-Creuzier-08-fleurs-1024x683.jpg\" alt=\"\" class=\"wp-image-1452\" srcset=\"https:\/\/activrando.org\/AR_blog\/wp-content\/uploads\/2020\/10\/201008-Creuzier-08-fleurs.jpg 1024w, https:\/\/activrando.org\/AR_blog\/wp-content\/uploads\/2020\/10\/201008-Creuzier-08-fleurs-300x200.jpg 300w, https:\/\/activrando.org\/AR_blog\/wp-content\/uploads\/2020\/10\/201008-Creuzier-08-fleurs-768x512.jpg 768w\" sizes=\"(max-width: 1024px) 100vw, 1024px\" \/><figcaption>&#8230;<\/figcaption><\/figure>\n\n\n\n<figure class=\"wp-block-image\"><img decoding=\"async\" loading=\"lazy\" width=\"1024\" height=\"683\" src=\"https:\/\/activrando.org\/AR_blog\/wp-content\/uploads\/2020\/10\/201008-Creuzier-09-plaque-rhinoceros-1024x683.jpg\" alt=\"\" class=\"wp-image-1453\" srcset=\"https:\/\/activrando.org\/AR_blog\/wp-content\/uploads\/2020\/10\/201008-Creuzier-09-plaque-rhinoceros.jpg 1024w, https:\/\/activrando.org\/AR_blog\/wp-content\/uploads\/2020\/10\/201008-Creuzier-09-plaque-rhinoceros-300x200.jpg 300w, https:\/\/activrando.org\/AR_blog\/wp-content\/uploads\/2020\/10\/201008-Creuzier-09-plaque-rhinoceros-768x512.jpg 768w\" sizes=\"(max-width: 1024px) 100vw, 1024px\" \/><figcaption>&#8230;<\/figcaption><\/figure>\n\n\n\n<p style=\"text-align:center\">&#8230;<\/p>\n\n\n\n<p style=\"text-align:center\"><strong><a href=\"https:\/\/activrando.org\/AR_blog\/2020\/10\/04\/cascade-de-la-pisserotte-le-4-octobre\/\">&lt; &lt; &lt; ARTICLE PR\u00c9C\u00c9DENT<\/a>  &#8212;&#8212;&#8212;&#8212;&#8212;&#8212;-  <a href=\"https:\/\/activrando.org\/AR_blog\/\">ACCUEIL DU BLOG<\/a> &#8212;&#8212;&#8212;&#8212;&#8212;&#8212;&#8212;-  <a href=\"https:\/\/activrando.org\/AR_blog\/2020\/10\/15\/les-coteaux-le-15-octobre\/\">ARTICLE SUIVANT &gt; &gt; &gt;<\/a><\/strong><\/p>\n","protected":false},"excerpt":{"rendered":"<p>&lt; &lt; &lt; ARTICLE PR\u00c9C\u00c9DENT &#8212;&#8212;&#8212;&#8212;&#8212;&#8212;- ACCUEIL DU BLOG &#8212;&#8212;&#8212;&#8212;&#8212;&#8212;&#8212;- ARTICLE SUIVANT &gt; &gt; &gt; &#8230; Un circuit de 13 km en plaine, au d\u00e9part des Guittons, pour aller marche du c\u00f4t\u00e9 de Bost et de Magnet, en passant d&rsquo;abord par la bosse o\u00f9 se trouve le ch\u00e2teau&#8230; &#8230; &lt;&#8230;<\/p>\n","protected":false},"author":2,"featured_media":1729,"comment_status":"closed","ping_status":"closed","sticky":false,"template":"","format":"standard","meta":[],"categories":[2],"tags":[],"_links":{"self":[{"href":"https:\/\/activrando.org\/AR_blog\/wp-json\/wp\/v2\/posts\/1445"}],"collection":[{"href":"https:\/\/activrando.org\/AR_blog\/wp-json\/wp\/v2\/posts"}],"about":[{"href":"https:\/\/activrando.org\/AR_blog\/wp-json\/wp\/v2\/types\/post"}],"author":[{"embeddable":true,"href":"https:\/\/activrando.org\/AR_blog\/wp-json\/wp\/v2\/users\/2"}],"replies":[{"embeddable":true,"href":"https:\/\/activrando.org\/AR_blog\/wp-json\/wp\/v2\/comments?post=1445"}],"version-history":[{"count":5,"href":"https:\/\/activrando.org\/AR_blog\/wp-json\/wp\/v2\/posts\/1445\/revisions"}],"predecessor-version":[{"id":1753,"href":"https:\/\/activrando.org\/AR_blog\/wp-json\/wp\/v2\/posts\/1445\/revisions\/1753"}],"wp:featuredmedia":[{"embeddable":true,"href":"https:\/\/activrando.org\/AR_blog\/wp-json\/wp\/v2\/media\/1729"}],"wp:attachment":[{"href":"https:\/\/activrando.org\/AR_blog\/wp-json\/wp\/v2\/media?parent=1445"}],"wp:term":[{"taxonomy":"category","embeddable":true,"href":"https:\/\/activrando.org\/AR_blog\/wp-json\/wp\/v2\/categories?post=1445"},{"taxonomy":"post_tag","embeddable":true,"href":"https:\/\/activrando.org\/AR_blog\/wp-json\/wp\/v2\/tags?post=1445"}],"curies":[{"name":"wp","href":"https:\/\/api.w.org\/{rel}","templated":true}]}}