{"id":1411,"date":"2020-10-16T19:36:37","date_gmt":"2020-10-16T17:36:37","guid":{"rendered":"http:\/\/activrando.org\/AR_blog\/?p=1411"},"modified":"2020-11-06T10:10:20","modified_gmt":"2020-11-06T09:10:20","slug":"les-bonnots-le-16-octobre","status":"publish","type":"post","link":"https:\/\/activrando.org\/AR_blog\/2020\/10\/16\/les-bonnots-le-16-octobre\/","title":{"rendered":"\u00a0\u00bbLes Bonnots\u00a0\u00bb le 16 octobre \u00e0 Creuzier-le-neuf (9 photos)"},"content":{"rendered":"\n<p style=\"text-align:center\"><strong><a href=\"https:\/\/activrando.org\/AR_blog\/2020\/10\/15\/les-coteaux-le-15-octobre\/\">&lt; &lt; &lt; ARTICLE PR\u00c9C\u00c9DENT<\/a>  &#8212;&#8212;&#8212;&#8212;&#8212;&#8212;-  <a href=\"https:\/\/activrando.org\/AR_blog\/\">ACCUEIL DU BLOG<\/a> &#8212;&#8212;&#8212;&#8212;&#8212;&#8212;&#8212;-  <a href=\"https:\/\/activrando.org\/AR_blog\/2020\/10\/20\/le-prieure-rando-sante-le-20-oct\/\">ARTICLE SUIVANT &gt; &gt; &gt;\ufeff<\/a><\/strong><\/p>\n\n\n\n<p style=\"text-align:center\">&#8230;<\/p>\n\n\n\n<p class=\"has-medium-font-size\"><strong>Parcours Rando Sant\u00e9\u00ae au d\u00e9part de l&rsquo;\u00e9glise de Creuzier-le-neuf, par un temps tr\u00e8s couvert et m\u00eame plus qu&rsquo;humide&#8230;<\/strong><\/p>\n\n\n\n<figure class=\"wp-block-image\"><img decoding=\"async\" loading=\"lazy\" width=\"1024\" height=\"680\" src=\"https:\/\/activrando.org\/AR_blog\/wp-content\/uploads\/2020\/10\/201016-Creuzier-01-groupe-marche-1024x680.jpg\" alt=\"\" class=\"wp-image-1412\" srcset=\"https:\/\/activrando.org\/AR_blog\/wp-content\/uploads\/2020\/10\/201016-Creuzier-01-groupe-marche.jpg 1024w, https:\/\/activrando.org\/AR_blog\/wp-content\/uploads\/2020\/10\/201016-Creuzier-01-groupe-marche-300x199.jpg 300w, https:\/\/activrando.org\/AR_blog\/wp-content\/uploads\/2020\/10\/201016-Creuzier-01-groupe-marche-768x510.jpg 768w\" sizes=\"(max-width: 1024px) 100vw, 1024px\" \/><figcaption>&#8230;<\/figcaption><\/figure>\n\n\n\n<figure class=\"wp-block-image\"><img decoding=\"async\" loading=\"lazy\" width=\"1024\" height=\"683\" src=\"https:\/\/activrando.org\/AR_blog\/wp-content\/uploads\/2020\/10\/201016-Creuzier-02-cheval-1024x683.jpg\" alt=\"\" class=\"wp-image-1413\" srcset=\"https:\/\/activrando.org\/AR_blog\/wp-content\/uploads\/2020\/10\/201016-Creuzier-02-cheval.jpg 1024w, https:\/\/activrando.org\/AR_blog\/wp-content\/uploads\/2020\/10\/201016-Creuzier-02-cheval-300x200.jpg 300w, https:\/\/activrando.org\/AR_blog\/wp-content\/uploads\/2020\/10\/201016-Creuzier-02-cheval-768x512.jpg 768w\" sizes=\"(max-width: 1024px) 100vw, 1024px\" \/><figcaption>&#8230;<\/figcaption><\/figure>\n\n\n\n<figure class=\"wp-block-image\"><img decoding=\"async\" loading=\"lazy\" width=\"1024\" height=\"683\" src=\"https:\/\/activrando.org\/AR_blog\/wp-content\/uploads\/2020\/10\/201016-Creuzier-03-groupe-marche-1024x683.jpg\" alt=\"\" class=\"wp-image-1414\" srcset=\"https:\/\/activrando.org\/AR_blog\/wp-content\/uploads\/2020\/10\/201016-Creuzier-03-groupe-marche.jpg 1024w, https:\/\/activrando.org\/AR_blog\/wp-content\/uploads\/2020\/10\/201016-Creuzier-03-groupe-marche-300x200.jpg 300w, https:\/\/activrando.org\/AR_blog\/wp-content\/uploads\/2020\/10\/201016-Creuzier-03-groupe-marche-768x512.jpg 768w\" sizes=\"(max-width: 1024px) 100vw, 1024px\" \/><figcaption><strong>\u00c7a monte, \u00e7a monte&#8230;<\/strong><\/figcaption><\/figure>\n\n\n\n<figure class=\"wp-block-image\"><img decoding=\"async\" loading=\"lazy\" width=\"1024\" height=\"680\" src=\"https:\/\/activrando.org\/AR_blog\/wp-content\/uploads\/2020\/10\/201016-Creuzier-04-groupe-marche-1024x680.jpg\" alt=\"\" class=\"wp-image-1415\" srcset=\"https:\/\/activrando.org\/AR_blog\/wp-content\/uploads\/2020\/10\/201016-Creuzier-04-groupe-marche.jpg 1024w, https:\/\/activrando.org\/AR_blog\/wp-content\/uploads\/2020\/10\/201016-Creuzier-04-groupe-marche-300x199.jpg 300w, https:\/\/activrando.org\/AR_blog\/wp-content\/uploads\/2020\/10\/201016-Creuzier-04-groupe-marche-768x510.jpg 768w\" sizes=\"(max-width: 1024px) 100vw, 1024px\" \/><figcaption><strong>Un beau chemin (tr\u00e8s) creux, qui nous m\u00e8ne \u00e0 proximit\u00e9 des Chambards.<\/strong><\/figcaption><\/figure>\n\n\n\n<figure class=\"wp-block-image\"><img decoding=\"async\" loading=\"lazy\" width=\"1024\" height=\"683\" src=\"https:\/\/activrando.org\/AR_blog\/wp-content\/uploads\/2020\/10\/201016-Creuzier-05-groupe-marche-1024x683.jpg\" alt=\"\" class=\"wp-image-1416\" srcset=\"https:\/\/activrando.org\/AR_blog\/wp-content\/uploads\/2020\/10\/201016-Creuzier-05-groupe-marche.jpg 1024w, https:\/\/activrando.org\/AR_blog\/wp-content\/uploads\/2020\/10\/201016-Creuzier-05-groupe-marche-300x200.jpg 300w, https:\/\/activrando.org\/AR_blog\/wp-content\/uploads\/2020\/10\/201016-Creuzier-05-groupe-marche-768x512.jpg 768w\" sizes=\"(max-width: 1024px) 100vw, 1024px\" \/><figcaption><strong>Cette fois, nous sommes sur la cr\u00eate, mais quasiment dans le nuage et il tombe en continu une sorte de pluie fine, qui n&rsquo;alt\u00e8re toutefois pas la bonne humeur du groupe.<\/strong><\/figcaption><\/figure>\n\n\n\n<figure class=\"wp-block-image\"><img decoding=\"async\" loading=\"lazy\" width=\"1024\" height=\"683\" src=\"https:\/\/activrando.org\/AR_blog\/wp-content\/uploads\/2020\/10\/201016-Creuzier-06-groupe-pose-1024x683.jpg\" alt=\"\" class=\"wp-image-1417\" srcset=\"https:\/\/activrando.org\/AR_blog\/wp-content\/uploads\/2020\/10\/201016-Creuzier-06-groupe-pose.jpg 1024w, https:\/\/activrando.org\/AR_blog\/wp-content\/uploads\/2020\/10\/201016-Creuzier-06-groupe-pose-300x200.jpg 300w, https:\/\/activrando.org\/AR_blog\/wp-content\/uploads\/2020\/10\/201016-Creuzier-06-groupe-pose-768x512.jpg 768w\" sizes=\"(max-width: 1024px) 100vw, 1024px\" \/><figcaption><strong>M\u00eame pas mouill\u00e9s, finalement, enfin pas trop !<\/strong><\/figcaption><\/figure>\n\n\n\n<figure class=\"wp-block-image\"><img decoding=\"async\" loading=\"lazy\" width=\"1024\" height=\"683\" src=\"https:\/\/activrando.org\/AR_blog\/wp-content\/uploads\/2020\/10\/201016-Creuzier-07-bouton-fleur-dalhia-1024x683.jpg\" alt=\"\" class=\"wp-image-1418\" srcset=\"https:\/\/activrando.org\/AR_blog\/wp-content\/uploads\/2020\/10\/201016-Creuzier-07-bouton-fleur-dalhia.jpg 1024w, https:\/\/activrando.org\/AR_blog\/wp-content\/uploads\/2020\/10\/201016-Creuzier-07-bouton-fleur-dalhia-300x200.jpg 300w, https:\/\/activrando.org\/AR_blog\/wp-content\/uploads\/2020\/10\/201016-Creuzier-07-bouton-fleur-dalhia-768x512.jpg 768w\" sizes=\"(max-width: 1024px) 100vw, 1024px\" \/><figcaption>&#8230;<\/figcaption><\/figure>\n\n\n\n<figure class=\"wp-block-image\"><img decoding=\"async\" loading=\"lazy\" width=\"1024\" height=\"680\" src=\"https:\/\/activrando.org\/AR_blog\/wp-content\/uploads\/2020\/10\/201016-Creuzier-08-fleur-dalhia-rose\u0301e-1024x680.jpg\" alt=\"\" class=\"wp-image-1419\" srcset=\"https:\/\/activrando.org\/AR_blog\/wp-content\/uploads\/2020\/10\/201016-Creuzier-08-fleur-dalhia-rose\u0301e.jpg 1024w, https:\/\/activrando.org\/AR_blog\/wp-content\/uploads\/2020\/10\/201016-Creuzier-08-fleur-dalhia-rose\u0301e-300x199.jpg 300w, https:\/\/activrando.org\/AR_blog\/wp-content\/uploads\/2020\/10\/201016-Creuzier-08-fleur-dalhia-rose\u0301e-768x510.jpg 768w\" sizes=\"(max-width: 1024px) 100vw, 1024px\" \/><figcaption>&#8230;<\/figcaption><\/figure>\n\n\n\n<figure class=\"wp-block-image\"><img decoding=\"async\" loading=\"lazy\" width=\"1024\" height=\"680\" src=\"https:\/\/activrando.org\/AR_blog\/wp-content\/uploads\/2020\/10\/201016-Creuzier-09-groupe-marche-1024x680.jpg\" alt=\"\" class=\"wp-image-1420\" srcset=\"https:\/\/activrando.org\/AR_blog\/wp-content\/uploads\/2020\/10\/201016-Creuzier-09-groupe-marche.jpg 1024w, https:\/\/activrando.org\/AR_blog\/wp-content\/uploads\/2020\/10\/201016-Creuzier-09-groupe-marche-300x199.jpg 300w, https:\/\/activrando.org\/AR_blog\/wp-content\/uploads\/2020\/10\/201016-Creuzier-09-groupe-marche-768x510.jpg 768w\" sizes=\"(max-width: 1024px) 100vw, 1024px\" \/><figcaption>&#8230;<\/figcaption><\/figure>\n\n\n\n<p style=\"text-align:center\"><strong><a href=\"https:\/\/activrando.org\/AR_blog\/2020\/10\/15\/les-coteaux-le-15-octobre\/\">&lt; &lt; &lt; ARTICLE PR\u00c9C\u00c9DENT<\/a>  &#8212;&#8212;&#8212;&#8212;&#8212;&#8212;-  <a href=\"https:\/\/activrando.org\/AR_blog\/\">ACCUEIL DU BLOG<\/a> &#8212;&#8212;&#8212;&#8212;&#8212;&#8212;&#8212;-  <a href=\"https:\/\/activrando.org\/AR_blog\/2020\/10\/20\/le-prieure-rando-sante-le-20-oct\/\">ARTICLE SUIVANT &gt; &gt; &gt;\ufeff<\/a><\/strong><\/p>\n","protected":false},"excerpt":{"rendered":"<p>&lt; &lt; &lt; ARTICLE PR\u00c9C\u00c9DENT &#8212;&#8212;&#8212;&#8212;&#8212;&#8212;- ACCUEIL DU BLOG &#8212;&#8212;&#8212;&#8212;&#8212;&#8212;&#8212;- ARTICLE SUIVANT &gt; &gt; &gt;\ufeff &#8230; Parcours Rando Sant\u00e9\u00ae au d\u00e9part de l&rsquo;\u00e9glise de Creuzier-le-neuf, par un temps tr\u00e8s couvert et m\u00eame plus qu&rsquo;humide&#8230; &lt; &lt; &lt; ARTICLE PR\u00c9C\u00c9DENT &#8212;&#8212;&#8212;&#8212;&#8212;&#8212;- ACCUEIL DU BLOG &#8212;&#8212;&#8212;&#8212;&#8212;&#8212;&#8212;- ARTICLE SUIVANT &gt; &gt; &gt;\ufeff<\/p>\n","protected":false},"author":2,"featured_media":1727,"comment_status":"closed","ping_status":"closed","sticky":false,"template":"","format":"standard","meta":[],"categories":[2],"tags":[],"_links":{"self":[{"href":"https:\/\/activrando.org\/AR_blog\/wp-json\/wp\/v2\/posts\/1411"}],"collection":[{"href":"https:\/\/activrando.org\/AR_blog\/wp-json\/wp\/v2\/posts"}],"about":[{"href":"https:\/\/activrando.org\/AR_blog\/wp-json\/wp\/v2\/types\/post"}],"author":[{"embeddable":true,"href":"https:\/\/activrando.org\/AR_blog\/wp-json\/wp\/v2\/users\/2"}],"replies":[{"embeddable":true,"href":"https:\/\/activrando.org\/AR_blog\/wp-json\/wp\/v2\/comments?post=1411"}],"version-history":[{"count":5,"href":"https:\/\/activrando.org\/AR_blog\/wp-json\/wp\/v2\/posts\/1411\/revisions"}],"predecessor-version":[{"id":1531,"href":"https:\/\/activrando.org\/AR_blog\/wp-json\/wp\/v2\/posts\/1411\/revisions\/1531"}],"wp:featuredmedia":[{"embeddable":true,"href":"https:\/\/activrando.org\/AR_blog\/wp-json\/wp\/v2\/media\/1727"}],"wp:attachment":[{"href":"https:\/\/activrando.org\/AR_blog\/wp-json\/wp\/v2\/media?parent=1411"}],"wp:term":[{"taxonomy":"category","embeddable":true,"href":"https:\/\/activrando.org\/AR_blog\/wp-json\/wp\/v2\/categories?post=1411"},{"taxonomy":"post_tag","embeddable":true,"href":"https:\/\/activrando.org\/AR_blog\/wp-json\/wp\/v2\/tags?post=1411"}],"curies":[{"name":"wp","href":"https:\/\/api.w.org\/{rel}","templated":true}]}}