{"id":140,"date":"2018-10-18T22:44:27","date_gmt":"2018-10-18T20:44:27","guid":{"rendered":"http:\/\/activrando.org\/AR_blog\/?p=140"},"modified":"2021-06-22T16:50:59","modified_gmt":"2021-06-22T14:50:59","slug":"moutet-journee-rando-au-breuil","status":"publish","type":"post","link":"https:\/\/activrando.org\/AR_blog\/2018\/10\/18\/moutet-journee-rando-au-breuil\/","title":{"rendered":"\u201cMoutet\u201c, le 18 octobre 2018, au Breuil (8 photos)"},"content":{"rendered":"\n<p>Dimanche 18 octobre : la journ\u00e9e s&rsquo;annonce maussade et nous partirons sous une fine pluie qui s&rsquo;effacera apr\u00e8s 2 heures de temps et apr\u00e8s nous avoir bien mouill\u00e9s en surface mais sans plus. Le reste de la journ\u00e9e fera facilement oublier ce d\u00e9part tr\u00e8s humide.<\/p>\n\n\n\n<p style=\"text-align:center\"><strong><a href=\"https:\/\/activrando.org\/AR_blog\/2018\/11\/11\/le-beaulouis-journee-rando-au-depart-de-ferrieres-sur-sichon\/\">&gt; &gt; &gt; ARTICLE SUIVANT<\/a><\/strong><\/p>\n\n\n\n<p>Au Breuil l&rsquo;arr\u00eat de bus du centre du village est un confortable vestiaire pour les derniers pr\u00e9paratifs avant la randonn\u00e9e. Nous sommes pr\u00eats \u00e0 partir. L&rsquo;instant est m\u00e9morable car c&rsquo;est la premi\u00e8re journ\u00e9e-rando&rsquo; du nouveau club&#8230; Photo !<\/p>\n\n\n\n<figure class=\"wp-block-image\"><img decoding=\"async\" loading=\"lazy\" width=\"1024\" height=\"768\" src=\"https:\/\/activrando.org\/AR_blog\/wp-content\/uploads\/2019\/01\/181028-Le_Breuil-01-groupe-pose-1024x768.jpg\" alt=\"\" class=\"wp-image-132\" srcset=\"https:\/\/activrando.org\/AR_blog\/wp-content\/uploads\/2019\/01\/181028-Le_Breuil-01-groupe-pose.jpg 1024w, https:\/\/activrando.org\/AR_blog\/wp-content\/uploads\/2019\/01\/181028-Le_Breuil-01-groupe-pose-300x225.jpg 300w, https:\/\/activrando.org\/AR_blog\/wp-content\/uploads\/2019\/01\/181028-Le_Breuil-01-groupe-pose-768x576.jpg 768w\" sizes=\"(max-width: 1024px) 100vw, 1024px\" \/><figcaption>&nbsp;&nbsp;&nbsp;<br><br>&nbsp;&nbsp;&nbsp;<\/figcaption><\/figure>\n\n\n\n<p>Pour aller \u00e0 Moutet, nous passons \u00e0 Ch\u00e2tel-Montagne. Une fois franchi le raidillon qui m\u00e8ne de Moulin Ch\u00e2tel \u00e0 la Croix Asnier, nous continuons sur le chemin qui surplombe la vall\u00e9e de la Besbre. En route nous trouvons une balan\u00e7oire et y faisons une pause. Jean s&rsquo;int\u00e9resse \u00e0 la balan\u00e7oire et trouve de l&rsquo;aide&#8230; <\/p>\n\n\n\n<figure class=\"wp-block-image\"><img decoding=\"async\" loading=\"lazy\" width=\"1024\" height=\"680\" src=\"https:\/\/activrando.org\/AR_blog\/wp-content\/uploads\/2019\/01\/181028-Le_Breuil-02-balancoire-1024x680.jpg\" alt=\"\" class=\"wp-image-133\" srcset=\"https:\/\/activrando.org\/AR_blog\/wp-content\/uploads\/2019\/01\/181028-Le_Breuil-02-balancoire.jpg 1024w, https:\/\/activrando.org\/AR_blog\/wp-content\/uploads\/2019\/01\/181028-Le_Breuil-02-balancoire-300x199.jpg 300w, https:\/\/activrando.org\/AR_blog\/wp-content\/uploads\/2019\/01\/181028-Le_Breuil-02-balancoire-768x510.jpg 768w\" sizes=\"(max-width: 1024px) 100vw, 1024px\" \/><figcaption>&nbsp;&nbsp;&nbsp;<br><br>&nbsp;&nbsp;&nbsp;<\/figcaption><\/figure>\n\n\n\n<p>Nous repartons vers Ch\u00e2tel-M&#8230;.<\/p>\n\n\n\n<figure class=\"wp-block-image\"><img decoding=\"async\" loading=\"lazy\" width=\"1024\" height=\"680\" src=\"https:\/\/activrando.org\/AR_blog\/wp-content\/uploads\/2019\/01\/181028-Le_Breuil-03-groupe-marche-1024x680.jpg\" alt=\"\" class=\"wp-image-134\" srcset=\"https:\/\/activrando.org\/AR_blog\/wp-content\/uploads\/2019\/01\/181028-Le_Breuil-03-groupe-marche.jpg 1024w, https:\/\/activrando.org\/AR_blog\/wp-content\/uploads\/2019\/01\/181028-Le_Breuil-03-groupe-marche-300x199.jpg 300w, https:\/\/activrando.org\/AR_blog\/wp-content\/uploads\/2019\/01\/181028-Le_Breuil-03-groupe-marche-768x510.jpg 768w\" sizes=\"(max-width: 1024px) 100vw, 1024px\" \/><figcaption>&nbsp;&nbsp;&nbsp;<br><br>&nbsp;&nbsp;&nbsp;<\/figcaption><\/figure>\n\n\n\n<p>Nous ferons notre pause-d\u00e9jeuner dans la cr\u00eaperie de la Rue de la m\u00e9moire. Accueil chaleureux, qui nous laisse consommer nos repas tir\u00e9s du sac en \u00e9change des consommations prises. Pour les randonneurs, c&rsquo;est bien pratique.<\/p>\n\n\n\n<p>&nbsp; &nbsp;<br><\/p>\n\n\n\n<p>C&rsquo;est la saison des noix et des ch\u00e2taignes. Ces derni\u00e8res sont abondantes dans le secteur&#8230;<\/p>\n\n\n\n<figure class=\"wp-block-image\"><img decoding=\"async\" loading=\"lazy\" width=\"1024\" height=\"680\" src=\"https:\/\/activrando.org\/AR_blog\/wp-content\/uploads\/2019\/01\/181028-Le_Breuil-04-chataignes-1024x680.jpg\" alt=\"\" class=\"wp-image-135\" srcset=\"https:\/\/activrando.org\/AR_blog\/wp-content\/uploads\/2019\/01\/181028-Le_Breuil-04-chataignes.jpg 1024w, https:\/\/activrando.org\/AR_blog\/wp-content\/uploads\/2019\/01\/181028-Le_Breuil-04-chataignes-300x199.jpg 300w, https:\/\/activrando.org\/AR_blog\/wp-content\/uploads\/2019\/01\/181028-Le_Breuil-04-chataignes-768x510.jpg 768w\" sizes=\"(max-width: 1024px) 100vw, 1024px\" \/><figcaption>&nbsp;&nbsp;&nbsp;<br><br>&nbsp;&nbsp;&nbsp;<\/figcaption><\/figure>\n\n\n\n<figure class=\"wp-block-image\"><img decoding=\"async\" loading=\"lazy\" width=\"1024\" height=\"680\" src=\"https:\/\/activrando.org\/AR_blog\/wp-content\/uploads\/2019\/01\/181028-Le_Breuil-05-plume-feuilles-1024x680.jpg\" alt=\"\" class=\"wp-image-136\" srcset=\"https:\/\/activrando.org\/AR_blog\/wp-content\/uploads\/2019\/01\/181028-Le_Breuil-05-plume-feuilles.jpg 1024w, https:\/\/activrando.org\/AR_blog\/wp-content\/uploads\/2019\/01\/181028-Le_Breuil-05-plume-feuilles-300x199.jpg 300w, https:\/\/activrando.org\/AR_blog\/wp-content\/uploads\/2019\/01\/181028-Le_Breuil-05-plume-feuilles-768x510.jpg 768w\" sizes=\"(max-width: 1024px) 100vw, 1024px\" \/><figcaption>&nbsp;&nbsp;&nbsp;<br><br>&nbsp;&nbsp;&nbsp;<\/figcaption><\/figure>\n\n\n\n<figure class=\"wp-block-image\"><img decoding=\"async\" loading=\"lazy\" width=\"1024\" height=\"680\" src=\"https:\/\/activrando.org\/AR_blog\/wp-content\/uploads\/2019\/01\/181028-Le_Breuil-06-section-arbre-resineux-1024x680.jpg\" alt=\"\" class=\"wp-image-137\" srcset=\"https:\/\/activrando.org\/AR_blog\/wp-content\/uploads\/2019\/01\/181028-Le_Breuil-06-section-arbre-resineux.jpg 1024w, https:\/\/activrando.org\/AR_blog\/wp-content\/uploads\/2019\/01\/181028-Le_Breuil-06-section-arbre-resineux-300x199.jpg 300w, https:\/\/activrando.org\/AR_blog\/wp-content\/uploads\/2019\/01\/181028-Le_Breuil-06-section-arbre-resineux-768x510.jpg 768w\" sizes=\"(max-width: 1024px) 100vw, 1024px\" \/><figcaption>&nbsp;&nbsp;&nbsp;<br><br>&nbsp;&nbsp;&nbsp;<\/figcaption><\/figure>\n\n\n\n<p>De retour au Breuil, &#8230;<\/p>\n\n\n\n<div class=\"wp-block-image\"><figure class=\"aligncenter\"><img decoding=\"async\" loading=\"lazy\" width=\"840\" height=\"630\" src=\"https:\/\/activrando.org\/AR_blog\/wp-content\/uploads\/2019\/01\/181028-Le_Breuil-07-groupe-pose.jpg\" alt=\"\" class=\"wp-image-138\" srcset=\"https:\/\/activrando.org\/AR_blog\/wp-content\/uploads\/2019\/01\/181028-Le_Breuil-07-groupe-pose.jpg 840w, https:\/\/activrando.org\/AR_blog\/wp-content\/uploads\/2019\/01\/181028-Le_Breuil-07-groupe-pose-300x225.jpg 300w, https:\/\/activrando.org\/AR_blog\/wp-content\/uploads\/2019\/01\/181028-Le_Breuil-07-groupe-pose-768x576.jpg 768w\" sizes=\"(max-width: 840px) 100vw, 840px\" \/><figcaption>&nbsp;&nbsp;&nbsp;<br><br>&nbsp;&nbsp;&nbsp;<\/figcaption><\/figure><\/div>\n\n\n\n<p>d\u00e9posera sur les feuilles des arbres. Cela suffira pour casser des milliers et des milliers de branches dans un secteur tr\u00e8s \u00e9tendu du centre du pays. Et pour nous randonneurs, cela a toujours des cons\u00e9quences tr\u00e8s f\u00e2cheuses par la g\u00eane que cela cr\u00e9e en rendant certains chemins difficilement praticables. On voit sur la voiture l&rsquo;\u00e9paisseur de cette neige trop pr\u00e9coce.<\/p>\n\n\n\n<div class=\"wp-block-image\"><figure class=\"aligncenter\"><img decoding=\"async\" loading=\"lazy\" width=\"700\" height=\"486\" src=\"https:\/\/activrando.org\/AR_blog\/wp-content\/uploads\/2019\/01\/181030-voiture-neige.jpg\" alt=\"\" class=\"wp-image-139\" srcset=\"https:\/\/activrando.org\/AR_blog\/wp-content\/uploads\/2019\/01\/181030-voiture-neige.jpg 700w, https:\/\/activrando.org\/AR_blog\/wp-content\/uploads\/2019\/01\/181030-voiture-neige-300x208.jpg 300w\" sizes=\"(max-width: 700px) 100vw, 700px\" \/><figcaption>\u2026<br><br>\u2026<br><br>\u2026<\/figcaption><\/figure><\/div>\n\n\n\n<p style=\"text-align:center\"><strong><a href=\"https:\/\/activrando.org\/AR_blog\/2018\/11\/11\/le-beaulouis-journee-rando-au-depart-de-ferrieres-sur-sichon\/\">&gt; &gt; &gt; ARTICLE SUIVANT<\/a><\/strong><\/p>\n\n\n\n<p style=\"text-align:center\"><strong><a href=\"https:\/\/activrando.org\/AR_blog\/\">&gt; &gt; &gt; ACCUEIL DU BLOG<\/a><\/strong><\/p>\n","protected":false},"excerpt":{"rendered":"<p>Du Breuil \u00e0 Ch\u00e2tel-Montagne et retour par toute une suite de vallonnements qui nous valurent une bonne journ\u00e9e de mont\u00e9es-descentes.<\/p>\n","protected":false},"author":1,"featured_media":199,"comment_status":"closed","ping_status":"closed","sticky":false,"template":"","format":"standard","meta":[],"categories":[2],"tags":[],"_links":{"self":[{"href":"https:\/\/activrando.org\/AR_blog\/wp-json\/wp\/v2\/posts\/140"}],"collection":[{"href":"https:\/\/activrando.org\/AR_blog\/wp-json\/wp\/v2\/posts"}],"about":[{"href":"https:\/\/activrando.org\/AR_blog\/wp-json\/wp\/v2\/types\/post"}],"author":[{"embeddable":true,"href":"https:\/\/activrando.org\/AR_blog\/wp-json\/wp\/v2\/users\/1"}],"replies":[{"embeddable":true,"href":"https:\/\/activrando.org\/AR_blog\/wp-json\/wp\/v2\/comments?post=140"}],"version-history":[{"count":10,"href":"https:\/\/activrando.org\/AR_blog\/wp-json\/wp\/v2\/posts\/140\/revisions"}],"predecessor-version":[{"id":2449,"href":"https:\/\/activrando.org\/AR_blog\/wp-json\/wp\/v2\/posts\/140\/revisions\/2449"}],"wp:featuredmedia":[{"embeddable":true,"href":"https:\/\/activrando.org\/AR_blog\/wp-json\/wp\/v2\/media\/199"}],"wp:attachment":[{"href":"https:\/\/activrando.org\/AR_blog\/wp-json\/wp\/v2\/media?parent=140"}],"wp:term":[{"taxonomy":"category","embeddable":true,"href":"https:\/\/activrando.org\/AR_blog\/wp-json\/wp\/v2\/categories?post=140"},{"taxonomy":"post_tag","embeddable":true,"href":"https:\/\/activrando.org\/AR_blog\/wp-json\/wp\/v2\/tags?post=140"}],"curies":[{"name":"wp","href":"https:\/\/api.w.org\/{rel}","templated":true}]}}