{"id":1354,"date":"2020-06-28T21:51:50","date_gmt":"2020-06-28T19:51:50","guid":{"rendered":"http:\/\/activrando.org\/AR_blog\/?p=1354"},"modified":"2020-11-06T10:37:52","modified_gmt":"2020-11-06T09:37:52","slug":"leolienne-le-28-juin-a-jenzat","status":"publish","type":"post","link":"https:\/\/activrando.org\/AR_blog\/2020\/06\/28\/leolienne-le-28-juin-a-jenzat\/","title":{"rendered":"\u00a0\u00bbL&rsquo;\u00e9olienne\u00a0\u00bb, le 28 juin \u00e0 Jenzat (12 photos)"},"content":{"rendered":"\n<p style=\"text-align:center\"><strong><a href=\"https:\/\/activrando.org\/AR_blog\/2020\/06\/28\/balade-vers-charroux-le-28-juin-a-jenzat\/\">&lt; &lt; &lt; ARTICLE PR\u00c9C\u00c9DENT<\/a>  &#8212;&#8212;&#8212;&#8212;&#8212;&#8212;-  <a href=\"https:\/\/activrando.org\/AR_blog\/\">ACCUEIL DU BLOG<\/a> &#8212;&#8212;&#8212;&#8212;&#8212;&#8212;&#8212;- <a href=\"https:\/\/activrando.org\/AR_blog\/2020\/06\/28\/le-puy-de-courcourt-a-ravel\/\"> ARTICLE SUIVANT > > ><\/a><\/strong><\/p>\n\n\n\n<figure class=\"wp-block-image\"><img decoding=\"async\" loading=\"lazy\" width=\"1024\" height=\"682\" src=\"https:\/\/activrando.org\/AR_blog\/wp-content\/uploads\/2020\/08\/200628-Jenzat-2-01-chateau-1024x682.jpg\" alt=\"\" class=\"wp-image-1355\" srcset=\"https:\/\/activrando.org\/AR_blog\/wp-content\/uploads\/2020\/08\/200628-Jenzat-2-01-chateau.jpg 1024w, https:\/\/activrando.org\/AR_blog\/wp-content\/uploads\/2020\/08\/200628-Jenzat-2-01-chateau-300x200.jpg 300w, https:\/\/activrando.org\/AR_blog\/wp-content\/uploads\/2020\/08\/200628-Jenzat-2-01-chateau-768x512.jpg 768w\" sizes=\"(max-width: 1024px) 100vw, 1024px\" \/><figcaption><strong>De Jenzat, le ch\u00e2teau&#8230;<\/strong><\/figcaption><\/figure>\n\n\n\n<figure class=\"wp-block-image\"><img decoding=\"async\" loading=\"lazy\" width=\"1024\" height=\"683\" src=\"https:\/\/activrando.org\/AR_blog\/wp-content\/uploads\/2020\/08\/200628-Jenzat-2-02-chateau-1024x683.jpg\" alt=\"\" class=\"wp-image-1356\" srcset=\"https:\/\/activrando.org\/AR_blog\/wp-content\/uploads\/2020\/08\/200628-Jenzat-2-02-chateau.jpg 1024w, https:\/\/activrando.org\/AR_blog\/wp-content\/uploads\/2020\/08\/200628-Jenzat-2-02-chateau-300x200.jpg 300w, https:\/\/activrando.org\/AR_blog\/wp-content\/uploads\/2020\/08\/200628-Jenzat-2-02-chateau-768x512.jpg 768w\" sizes=\"(max-width: 1024px) 100vw, 1024px\" \/><\/figure>\n\n\n\n<figure class=\"wp-block-image\"><img decoding=\"async\" loading=\"lazy\" width=\"1024\" height=\"683\" src=\"https:\/\/activrando.org\/AR_blog\/wp-content\/uploads\/2020\/08\/200628-Jenzat-2-03-chateau-1024x683.jpg\" alt=\"\" class=\"wp-image-1357\" srcset=\"https:\/\/activrando.org\/AR_blog\/wp-content\/uploads\/2020\/08\/200628-Jenzat-2-03-chateau.jpg 1024w, https:\/\/activrando.org\/AR_blog\/wp-content\/uploads\/2020\/08\/200628-Jenzat-2-03-chateau-300x200.jpg 300w, https:\/\/activrando.org\/AR_blog\/wp-content\/uploads\/2020\/08\/200628-Jenzat-2-03-chateau-768x512.jpg 768w\" sizes=\"(max-width: 1024px) 100vw, 1024px\" \/><figcaption><strong>Oui, mais il y a DEUX ch\u00e2teaux ! Mitoyens, ouverts sur le m\u00eame parc. Celui-ci est le plus ancien.<\/strong><\/figcaption><\/figure>\n\n\n\n<figure class=\"wp-block-image\"><img decoding=\"async\" loading=\"lazy\" width=\"1024\" height=\"683\" src=\"https:\/\/activrando.org\/AR_blog\/wp-content\/uploads\/2020\/08\/200628-Jenzat-2-04-batiment-1024x683.jpg\" alt=\"\" class=\"wp-image-1358\" srcset=\"https:\/\/activrando.org\/AR_blog\/wp-content\/uploads\/2020\/08\/200628-Jenzat-2-04-batiment.jpg 1024w, https:\/\/activrando.org\/AR_blog\/wp-content\/uploads\/2020\/08\/200628-Jenzat-2-04-batiment-300x200.jpg 300w, https:\/\/activrando.org\/AR_blog\/wp-content\/uploads\/2020\/08\/200628-Jenzat-2-04-batiment-768x512.jpg 768w\" sizes=\"(max-width: 1024px) 100vw, 1024px\" \/><figcaption><strong>Un beau corps de ferme.<\/strong><\/figcaption><\/figure>\n\n\n\n<figure class=\"wp-block-image\"><img decoding=\"async\" loading=\"lazy\" width=\"840\" height=\"672\" src=\"https:\/\/activrando.org\/AR_blog\/wp-content\/uploads\/2020\/08\/200628-Jenzat-2-05-meule-moulin.jpg\" alt=\"\" class=\"wp-image-1359\" srcset=\"https:\/\/activrando.org\/AR_blog\/wp-content\/uploads\/2020\/08\/200628-Jenzat-2-05-meule-moulin.jpg 840w, https:\/\/activrando.org\/AR_blog\/wp-content\/uploads\/2020\/08\/200628-Jenzat-2-05-meule-moulin-300x240.jpg 300w, https:\/\/activrando.org\/AR_blog\/wp-content\/uploads\/2020\/08\/200628-Jenzat-2-05-meule-moulin-768x614.jpg 768w\" sizes=\"(max-width: 840px) 100vw, 840px\" \/><figcaption><strong>Autrefois, pas de rivi\u00e8re sans moulin(s). D&rsquo;ailleurs, il en reste \u00e0 St-Germain-de-Salles, juste de l&rsquo;autre c\u00f4t\u00e9 de la Sioule.<\/strong><\/figcaption><\/figure>\n\n\n\n<figure class=\"wp-block-image\"><img decoding=\"async\" loading=\"lazy\" width=\"1024\" height=\"384\" src=\"https:\/\/activrando.org\/AR_blog\/wp-content\/uploads\/2020\/08\/200628-Jenzat-2-06-paysage-1024x384.jpg\" alt=\"\" class=\"wp-image-1360\" srcset=\"https:\/\/activrando.org\/AR_blog\/wp-content\/uploads\/2020\/08\/200628-Jenzat-2-06-paysage.jpg 1024w, https:\/\/activrando.org\/AR_blog\/wp-content\/uploads\/2020\/08\/200628-Jenzat-2-06-paysage-300x113.jpg 300w, https:\/\/activrando.org\/AR_blog\/wp-content\/uploads\/2020\/08\/200628-Jenzat-2-06-paysage-768x288.jpg 768w\" sizes=\"(max-width: 1024px) 100vw, 1024px\" \/><figcaption><strong>Alternance de culture dans cette extr\u00e9mit\u00e9 nord de la Limagne.<\/strong><\/figcaption><\/figure>\n\n\n\n<figure class=\"wp-block-image\"><img decoding=\"async\" loading=\"lazy\" width=\"1024\" height=\"512\" src=\"https:\/\/activrando.org\/AR_blog\/wp-content\/uploads\/2020\/08\/200628-Jenzat-2-07-groupe-pause-1024x512.jpg\" alt=\"\" class=\"wp-image-1361\" srcset=\"https:\/\/activrando.org\/AR_blog\/wp-content\/uploads\/2020\/08\/200628-Jenzat-2-07-groupe-pause.jpg 1024w, https:\/\/activrando.org\/AR_blog\/wp-content\/uploads\/2020\/08\/200628-Jenzat-2-07-groupe-pause-300x150.jpg 300w, https:\/\/activrando.org\/AR_blog\/wp-content\/uploads\/2020\/08\/200628-Jenzat-2-07-groupe-pause-768x384.jpg 768w\" sizes=\"(max-width: 1024px) 100vw, 1024px\" \/><\/figure>\n\n\n\n<figure class=\"wp-block-image\"><img decoding=\"async\" loading=\"lazy\" width=\"1024\" height=\"819\" src=\"https:\/\/activrando.org\/AR_blog\/wp-content\/uploads\/2020\/08\/200628-Jenzat-2-08-bouton-chardon-Marie-1024x819.jpg\" alt=\"\" class=\"wp-image-1362\" srcset=\"https:\/\/activrando.org\/AR_blog\/wp-content\/uploads\/2020\/08\/200628-Jenzat-2-08-bouton-chardon-Marie.jpg 1024w, https:\/\/activrando.org\/AR_blog\/wp-content\/uploads\/2020\/08\/200628-Jenzat-2-08-bouton-chardon-Marie-300x240.jpg 300w, https:\/\/activrando.org\/AR_blog\/wp-content\/uploads\/2020\/08\/200628-Jenzat-2-08-bouton-chardon-Marie-768x614.jpg 768w\" sizes=\"(max-width: 1024px) 100vw, 1024px\" \/><figcaption><strong>Fleur de chardon Marie avant \u00e9panouissement<\/strong><\/figcaption><\/figure>\n\n\n\n<figure class=\"wp-block-image\"><img decoding=\"async\" loading=\"lazy\" width=\"1024\" height=\"819\" src=\"https:\/\/activrando.org\/AR_blog\/wp-content\/uploads\/2020\/08\/200628-Jenzat-2-10-chien-herbes-seches-1024x819.jpg\" alt=\"\" class=\"wp-image-1363\" srcset=\"https:\/\/activrando.org\/AR_blog\/wp-content\/uploads\/2020\/08\/200628-Jenzat-2-10-chien-herbes-seches.jpg 1024w, https:\/\/activrando.org\/AR_blog\/wp-content\/uploads\/2020\/08\/200628-Jenzat-2-10-chien-herbes-seches-300x240.jpg 300w, https:\/\/activrando.org\/AR_blog\/wp-content\/uploads\/2020\/08\/200628-Jenzat-2-10-chien-herbes-seches-768x614.jpg 768w\" sizes=\"(max-width: 1024px) 100vw, 1024px\" \/><figcaption><strong>Mmmmm&#8230; que c&rsquo;est bon de se rouler dans les herbes s\u00e8ches !<\/strong><\/figcaption><\/figure>\n\n\n\n<figure class=\"wp-block-image\"><img decoding=\"async\" loading=\"lazy\" width=\"1024\" height=\"683\" src=\"https:\/\/activrando.org\/AR_blog\/wp-content\/uploads\/2020\/08\/200628-Jenzat-2-11-arbre-cavite-1024x683.jpg\" alt=\"\" class=\"wp-image-1364\" srcset=\"https:\/\/activrando.org\/AR_blog\/wp-content\/uploads\/2020\/08\/200628-Jenzat-2-11-arbre-cavite.jpg 1024w, https:\/\/activrando.org\/AR_blog\/wp-content\/uploads\/2020\/08\/200628-Jenzat-2-11-arbre-cavite-300x200.jpg 300w, https:\/\/activrando.org\/AR_blog\/wp-content\/uploads\/2020\/08\/200628-Jenzat-2-11-arbre-cavite-768x512.jpg 768w\" sizes=\"(max-width: 1024px) 100vw, 1024px\" \/><figcaption><strong>Une tr\u00e8s grande cavit\u00e9 (on peut y entrer debout !) dans un tr\u00e8s grand arbre, au carrefour des chemins. Un peu poussi\u00e8reux et toiles-d&rsquo;araigneux, toutefois, le trou. Le m\u00e9nage ne doit pas \u00eatre fait tr\u00e8s souvent ?<\/strong><\/figcaption><\/figure>\n\n\n\n<figure class=\"wp-block-image\"><img decoding=\"async\" loading=\"lazy\" width=\"1024\" height=\"819\" src=\"https:\/\/activrando.org\/AR_blog\/wp-content\/uploads\/2020\/08\/200628-Jenzat-2-12-cheveux-fleur-chevrefeuille-1024x819.jpg\" alt=\"\" class=\"wp-image-1365\" srcset=\"https:\/\/activrando.org\/AR_blog\/wp-content\/uploads\/2020\/08\/200628-Jenzat-2-12-cheveux-fleur-chevrefeuille.jpg 1024w, https:\/\/activrando.org\/AR_blog\/wp-content\/uploads\/2020\/08\/200628-Jenzat-2-12-cheveux-fleur-chevrefeuille-300x240.jpg 300w, https:\/\/activrando.org\/AR_blog\/wp-content\/uploads\/2020\/08\/200628-Jenzat-2-12-cheveux-fleur-chevrefeuille-768x614.jpg 768w\" sizes=\"(max-width: 1024px) 100vw, 1024px\" \/><figcaption><strong>Martine \ud83d\ude09<\/strong><\/figcaption><\/figure>\n\n\n\n<figure class=\"wp-block-image\"><img decoding=\"async\" loading=\"lazy\" width=\"1024\" height=\"768\" src=\"https:\/\/activrando.org\/AR_blog\/wp-content\/uploads\/2020\/08\/200628-Jenzat-2-13-feuille-1024x768.jpg\" alt=\"\" class=\"wp-image-1366\" srcset=\"https:\/\/activrando.org\/AR_blog\/wp-content\/uploads\/2020\/08\/200628-Jenzat-2-13-feuille.jpg 1024w, https:\/\/activrando.org\/AR_blog\/wp-content\/uploads\/2020\/08\/200628-Jenzat-2-13-feuille-300x225.jpg 300w, https:\/\/activrando.org\/AR_blog\/wp-content\/uploads\/2020\/08\/200628-Jenzat-2-13-feuille-768x576.jpg 768w\" sizes=\"(max-width: 1024px) 100vw, 1024px\" \/><figcaption><strong>Feuille de ?<\/strong><\/figcaption><\/figure>\n\n\n\n<p style=\"text-align:center\"><strong><a href=\"https:\/\/activrando.org\/AR_blog\/2020\/06\/28\/balade-vers-charroux-le-28-juin-a-jenzat\/\">&lt; &lt; &lt; ARTICLE PR\u00c9C\u00c9DENT<\/a>  &#8212;&#8212;&#8212;&#8212;&#8212;&#8212;-  <a href=\"https:\/\/activrando.org\/AR_blog\/\">ACCUEIL DU BLOG<\/a> &#8212;&#8212;&#8212;&#8212;&#8212;&#8212;&#8212;- <a href=\"https:\/\/activrando.org\/AR_blog\/2020\/06\/28\/le-puy-de-courcourt-a-ravel\/\"> ARTICLE SUIVANT > > ><\/a><\/strong><\/p>\n","protected":false},"excerpt":{"rendered":"<p>&lt; &lt; &lt; ARTICLE PR\u00c9C\u00c9DENT &#8212;&#8212;&#8212;&#8212;&#8212;&#8212;- ACCUEIL DU BLOG &#8212;&#8212;&#8212;&#8212;&#8212;&#8212;&#8212;- ARTICLE SUIVANT > > > &lt; &lt; &lt; ARTICLE PR\u00c9C\u00c9DENT &#8212;&#8212;&#8212;&#8212;&#8212;&#8212;- ACCUEIL DU BLOG &#8212;&#8212;&#8212;&#8212;&#8212;&#8212;&#8212;- ARTICLE SUIVANT > > ><\/p>\n","protected":false},"author":2,"featured_media":1369,"comment_status":"closed","ping_status":"closed","sticky":false,"template":"","format":"standard","meta":[],"categories":[2],"tags":[],"_links":{"self":[{"href":"https:\/\/activrando.org\/AR_blog\/wp-json\/wp\/v2\/posts\/1354"}],"collection":[{"href":"https:\/\/activrando.org\/AR_blog\/wp-json\/wp\/v2\/posts"}],"about":[{"href":"https:\/\/activrando.org\/AR_blog\/wp-json\/wp\/v2\/types\/post"}],"author":[{"embeddable":true,"href":"https:\/\/activrando.org\/AR_blog\/wp-json\/wp\/v2\/users\/2"}],"replies":[{"embeddable":true,"href":"https:\/\/activrando.org\/AR_blog\/wp-json\/wp\/v2\/comments?post=1354"}],"version-history":[{"count":3,"href":"https:\/\/activrando.org\/AR_blog\/wp-json\/wp\/v2\/posts\/1354\/revisions"}],"predecessor-version":[{"id":1743,"href":"https:\/\/activrando.org\/AR_blog\/wp-json\/wp\/v2\/posts\/1354\/revisions\/1743"}],"wp:featuredmedia":[{"embeddable":true,"href":"https:\/\/activrando.org\/AR_blog\/wp-json\/wp\/v2\/media\/1369"}],"wp:attachment":[{"href":"https:\/\/activrando.org\/AR_blog\/wp-json\/wp\/v2\/media?parent=1354"}],"wp:term":[{"taxonomy":"category","embeddable":true,"href":"https:\/\/activrando.org\/AR_blog\/wp-json\/wp\/v2\/categories?post=1354"},{"taxonomy":"post_tag","embeddable":true,"href":"https:\/\/activrando.org\/AR_blog\/wp-json\/wp\/v2\/tags?post=1354"}],"curies":[{"name":"wp","href":"https:\/\/api.w.org\/{rel}","templated":true}]}}