{"id":121,"date":"2018-12-08T20:23:46","date_gmt":"2018-12-08T19:23:46","guid":{"rendered":"http:\/\/activrando.org\/AR_blog\/?p=121"},"modified":"2019-12-14T23:06:33","modified_gmt":"2019-12-14T22:06:33","slug":"boires-et-sources-petite-rando-a-hauterive","status":"publish","type":"post","link":"https:\/\/activrando.org\/AR_blog\/2018\/12\/08\/boires-et-sources-petite-rando-a-hauterive\/","title":{"rendered":"\u201cBoires et Sources\u201c, le 8 d\u00e9c 2018, \u00e0 Hauterive (9 photos)"},"content":{"rendered":"\n<p><strong><a href=\"https:\/\/activrando.org\/AR_blog\/2018\/12\/31\/journee-rando-a-jenzat-la-sioule\/\">> > > ARTICLE SUIVANT<\/a><\/strong><\/p>\n\n\n\n<p><strong><a href=\"https:\/\/activrando.org\/AR_blog\/2018\/11\/19\/la-chassaigne-journee-rando-a-bert\/\">> > > ARTICLE PR\u00c9C\u00c9DENT<\/a><\/strong><\/p>\n\n\n\n<p>Petite rando, le samedi 8 d\u00e9cembre, par beau temps, toutefois nuageux.<\/p>\n\n\n\n<p>Les \u00e2nes sont omnipr\u00e9sents dans la r\u00e9gion et il est rare de ne pas en voir lors d&rsquo;une rando. Celle-ci ne fera pas exception.<\/p>\n\n\n\n<figure class=\"wp-block-image\"><img decoding=\"async\" loading=\"lazy\" width=\"1024\" height=\"550\" src=\"https:\/\/activrando.org\/AR_blog\/wp-content\/uploads\/2019\/01\/181208-Hauterive-01-2-anes-1-1024x550.jpg\" alt=\"\" class=\"wp-image-127\" srcset=\"https:\/\/activrando.org\/AR_blog\/wp-content\/uploads\/2019\/01\/181208-Hauterive-01-2-anes-1.jpg 1024w, https:\/\/activrando.org\/AR_blog\/wp-content\/uploads\/2019\/01\/181208-Hauterive-01-2-anes-1-300x161.jpg 300w, https:\/\/activrando.org\/AR_blog\/wp-content\/uploads\/2019\/01\/181208-Hauterive-01-2-anes-1-768x413.jpg 768w\" sizes=\"(max-width: 1024px) 100vw, 1024px\" \/><\/figure>\n\n\n\n<figure class=\"wp-block-image\"><img decoding=\"async\" loading=\"lazy\" width=\"1024\" height=\"591\" src=\"https:\/\/activrando.org\/AR_blog\/wp-content\/uploads\/2019\/01\/181208-Hauterive-02-anes-caresses-1024x591.jpg\" alt=\"\" class=\"wp-image-104\" srcset=\"https:\/\/activrando.org\/AR_blog\/wp-content\/uploads\/2019\/01\/181208-Hauterive-02-anes-caresses.jpg 1024w, https:\/\/activrando.org\/AR_blog\/wp-content\/uploads\/2019\/01\/181208-Hauterive-02-anes-caresses-300x173.jpg 300w, https:\/\/activrando.org\/AR_blog\/wp-content\/uploads\/2019\/01\/181208-Hauterive-02-anes-caresses-768x443.jpg 768w\" sizes=\"(max-width: 1024px) 100vw, 1024px\" \/><figcaption>&nbsp;&nbsp;&nbsp;<br><br>&nbsp;&nbsp;&nbsp;<\/figcaption><\/figure>\n\n\n\n<p>Le griffon de la source chaude a \u00e9t\u00e9 lib\u00e9r\u00e9 de l&rsquo;\u00e9norme gangue min\u00e9rale qui se d\u00e9pose constamment lors du refroidissement de l&rsquo;eau au contact de l&rsquo;air. Une s\u00e9rieuse cure d&rsquo;amaigrissement pour ce dispositif qui fait parfois 70 \u00e0 80 cm de diam\u00e8tre.!<\/p>\n\n\n\n<figure class=\"wp-block-image\"><img decoding=\"async\" loading=\"lazy\" width=\"1024\" height=\"680\" src=\"https:\/\/activrando.org\/AR_blog\/wp-content\/uploads\/2019\/01\/181208-Hauterive-03-source-chaude-1024x680.jpg\" alt=\"\" class=\"wp-image-105\" srcset=\"https:\/\/activrando.org\/AR_blog\/wp-content\/uploads\/2019\/01\/181208-Hauterive-03-source-chaude.jpg 1024w, https:\/\/activrando.org\/AR_blog\/wp-content\/uploads\/2019\/01\/181208-Hauterive-03-source-chaude-300x199.jpg 300w, https:\/\/activrando.org\/AR_blog\/wp-content\/uploads\/2019\/01\/181208-Hauterive-03-source-chaude-768x510.jpg 768w\" sizes=\"(max-width: 1024px) 100vw, 1024px\" \/><figcaption>&nbsp;&nbsp;&nbsp;<\/figcaption><\/figure>\n\n\n\n<div class=\"wp-block-image\"><figure class=\"aligncenter\"><img decoding=\"async\" loading=\"lazy\" width=\"800\" height=\"600\" src=\"https:\/\/activrando.org\/AR_blog\/wp-content\/uploads\/2019\/01\/181208-Hauterive-04-source-chaude.jpg\" alt=\"\" class=\"wp-image-106\" srcset=\"https:\/\/activrando.org\/AR_blog\/wp-content\/uploads\/2019\/01\/181208-Hauterive-04-source-chaude.jpg 800w, https:\/\/activrando.org\/AR_blog\/wp-content\/uploads\/2019\/01\/181208-Hauterive-04-source-chaude-300x225.jpg 300w, https:\/\/activrando.org\/AR_blog\/wp-content\/uploads\/2019\/01\/181208-Hauterive-04-source-chaude-768x576.jpg 768w\" sizes=\"(max-width: 800px) 100vw, 800px\" \/><figcaption>&nbsp;&nbsp;&nbsp;<br><br>&nbsp;&nbsp;&nbsp;<br><br><\/figcaption><\/figure><\/div>\n\n\n\n<p>Les blocs de min\u00e9raux ont \u00e9t\u00e9 d\u00e9pos\u00e9s un peu plus loin, \u00e0 m\u00eame le sol, et l&rsquo;on peut mieux voir leur texture externe et leur structure interne.<\/p>\n\n\n\n<figure class=\"wp-block-image\"><img decoding=\"async\" loading=\"lazy\" width=\"1024\" height=\"768\" src=\"https:\/\/activrando.org\/AR_blog\/wp-content\/uploads\/2019\/01\/181208-Hauterive-05-blocs-concretions-1024x768.jpg\" alt=\"\" class=\"wp-image-107\" srcset=\"https:\/\/activrando.org\/AR_blog\/wp-content\/uploads\/2019\/01\/181208-Hauterive-05-blocs-concretions.jpg 1024w, https:\/\/activrando.org\/AR_blog\/wp-content\/uploads\/2019\/01\/181208-Hauterive-05-blocs-concretions-300x225.jpg 300w, https:\/\/activrando.org\/AR_blog\/wp-content\/uploads\/2019\/01\/181208-Hauterive-05-blocs-concretions-768x576.jpg 768w\" sizes=\"(max-width: 1024px) 100vw, 1024px\" \/><figcaption>&nbsp;&nbsp;&nbsp;<br><br>&nbsp;&nbsp;&nbsp;<br><br><\/figcaption><\/figure>\n\n\n\n<p>Nous voil\u00e0 arriv\u00e9.e.s du c\u00f4t\u00e9 des boires&#8230;<\/p>\n\n\n\n<figure class=\"wp-block-image\"><img decoding=\"async\" loading=\"lazy\" width=\"1024\" height=\"680\" src=\"https:\/\/activrando.org\/AR_blog\/wp-content\/uploads\/2019\/01\/181208-Hauterive-07-groupe-marche-1024x680.jpg\" alt=\"\" class=\"wp-image-109\" srcset=\"https:\/\/activrando.org\/AR_blog\/wp-content\/uploads\/2019\/01\/181208-Hauterive-07-groupe-marche.jpg 1024w, https:\/\/activrando.org\/AR_blog\/wp-content\/uploads\/2019\/01\/181208-Hauterive-07-groupe-marche-300x199.jpg 300w, https:\/\/activrando.org\/AR_blog\/wp-content\/uploads\/2019\/01\/181208-Hauterive-07-groupe-marche-768x510.jpg 768w\" sizes=\"(max-width: 1024px) 100vw, 1024px\" \/><figcaption>&nbsp;&nbsp;&nbsp;<\/figcaption><\/figure>\n\n\n\n<figure class=\"wp-block-image\"><img decoding=\"async\" loading=\"lazy\" width=\"1024\" height=\"680\" src=\"https:\/\/activrando.org\/AR_blog\/wp-content\/uploads\/2019\/01\/181208-Hauterive-06-boire-1024x680.jpg\" alt=\"\" class=\"wp-image-108\" srcset=\"https:\/\/activrando.org\/AR_blog\/wp-content\/uploads\/2019\/01\/181208-Hauterive-06-boire.jpg 1024w, https:\/\/activrando.org\/AR_blog\/wp-content\/uploads\/2019\/01\/181208-Hauterive-06-boire-300x199.jpg 300w, https:\/\/activrando.org\/AR_blog\/wp-content\/uploads\/2019\/01\/181208-Hauterive-06-boire-768x510.jpg 768w\" sizes=\"(max-width: 1024px) 100vw, 1024px\" \/><figcaption>&nbsp;&nbsp;&nbsp;<br><br>&nbsp;&nbsp;&nbsp;<br><br><\/figcaption><\/figure>\n\n\n\n<p>Diff\u00e9rentes sortes de minuscules organismes participent successivement, suivant leur r\u00f4le, \u00e0 la destruction d&rsquo;une feuille d&rsquo;arbre pour son retour \u00e0 la terre, o\u00f9 elle viendra enrichir l&rsquo;humus. Voir : <a href=\"http:\/\/www.maxicours.com\/se\/fiche\/2\/1\/186621.html\">Cours de SVT &#8211; D\u00e9composition et recyclage de la mati\u00e8re organique dans le sol<\/a><\/p>\n\n\n\n<figure class=\"wp-block-image\"><img decoding=\"async\" loading=\"lazy\" width=\"1024\" height=\"768\" src=\"https:\/\/activrando.org\/AR_blog\/wp-content\/uploads\/2019\/01\/181208-Hauterive-08-feuille-rouge-sol-1024x768.jpg\" alt=\"\" class=\"wp-image-110\" srcset=\"https:\/\/activrando.org\/AR_blog\/wp-content\/uploads\/2019\/01\/181208-Hauterive-08-feuille-rouge-sol.jpg 1024w, https:\/\/activrando.org\/AR_blog\/wp-content\/uploads\/2019\/01\/181208-Hauterive-08-feuille-rouge-sol-300x225.jpg 300w, https:\/\/activrando.org\/AR_blog\/wp-content\/uploads\/2019\/01\/181208-Hauterive-08-feuille-rouge-sol-768x576.jpg 768w\" sizes=\"(max-width: 1024px) 100vw, 1024px\" \/><figcaption>&nbsp;&nbsp;&nbsp;<br><br>&nbsp;&nbsp;&nbsp;<br><br><\/figcaption><\/figure>\n\n\n\n<p>De plus en plus pr\u00e9sents sur les berges de l&rsquo;Allier, h\u00e9las, de larges espaces envahis par la renou\u00e9e du Japon, dont l&rsquo;aspect est particuli\u00e8rement calamiteux en hiver :<\/p>\n\n\n\n<figure class=\"wp-block-image\"><img decoding=\"async\" loading=\"lazy\" width=\"1024\" height=\"680\" src=\"https:\/\/activrando.org\/AR_blog\/wp-content\/uploads\/2019\/01\/181208-Hauterive-09-rive-Allier-renouee-Japon-1024x680.jpg\" alt=\"\" class=\"wp-image-111\" srcset=\"https:\/\/activrando.org\/AR_blog\/wp-content\/uploads\/2019\/01\/181208-Hauterive-09-rive-Allier-renouee-Japon.jpg 1024w, https:\/\/activrando.org\/AR_blog\/wp-content\/uploads\/2019\/01\/181208-Hauterive-09-rive-Allier-renouee-Japon-300x199.jpg 300w, https:\/\/activrando.org\/AR_blog\/wp-content\/uploads\/2019\/01\/181208-Hauterive-09-rive-Allier-renouee-Japon-768x510.jpg 768w\" sizes=\"(max-width: 1024px) 100vw, 1024px\" \/><\/figure>\n\n\n\n<p><strong><a href=\"https:\/\/activrando.org\/AR_blog\/2018\/12\/31\/journee-rando-a-jenzat-la-sioule\/\">> > > ARTICLE SUIVANT<\/a><\/strong><\/p>\n\n\n\n<p><a href=\"https:\/\/activrando.org\/AR_blog\/\"><strong>> > > ACCUEIL DU BLOG<\/strong><\/a><\/p>\n\n\n\n<p><strong><a href=\"https:\/\/activrando.org\/AR_blog\/2018\/11\/19\/la-chassaigne-journee-rando-a-bert\/\">> > > ARTICLE PR\u00c9C\u00c9DENT<\/a><\/strong><\/p>\n","protected":false},"excerpt":{"rendered":"<p>> > > ARTICLE SUIVANT > > > ARTICLE PR\u00c9C\u00c9DENT Petite rando, le samedi 8 d\u00e9cembre, par beau temps, toutefois nuageux. Les \u00e2nes sont omnipr\u00e9sents dans la r\u00e9gion et il est rare de ne pas en voir lors d&rsquo;une rando. Celle-ci ne fera pas exception. Le griffon de la source&#8230;<\/p>\n","protected":false},"author":1,"featured_media":0,"comment_status":"open","ping_status":"open","sticky":false,"template":"","format":"standard","meta":[],"categories":[2],"tags":[],"_links":{"self":[{"href":"https:\/\/activrando.org\/AR_blog\/wp-json\/wp\/v2\/posts\/121"}],"collection":[{"href":"https:\/\/activrando.org\/AR_blog\/wp-json\/wp\/v2\/posts"}],"about":[{"href":"https:\/\/activrando.org\/AR_blog\/wp-json\/wp\/v2\/types\/post"}],"author":[{"embeddable":true,"href":"https:\/\/activrando.org\/AR_blog\/wp-json\/wp\/v2\/users\/1"}],"replies":[{"embeddable":true,"href":"https:\/\/activrando.org\/AR_blog\/wp-json\/wp\/v2\/comments?post=121"}],"version-history":[{"count":7,"href":"https:\/\/activrando.org\/AR_blog\/wp-json\/wp\/v2\/posts\/121\/revisions"}],"predecessor-version":[{"id":959,"href":"https:\/\/activrando.org\/AR_blog\/wp-json\/wp\/v2\/posts\/121\/revisions\/959"}],"wp:attachment":[{"href":"https:\/\/activrando.org\/AR_blog\/wp-json\/wp\/v2\/media?parent=121"}],"wp:term":[{"taxonomy":"category","embeddable":true,"href":"https:\/\/activrando.org\/AR_blog\/wp-json\/wp\/v2\/categories?post=121"},{"taxonomy":"post_tag","embeddable":true,"href":"https:\/\/activrando.org\/AR_blog\/wp-json\/wp\/v2\/tags?post=121"}],"curies":[{"name":"wp","href":"https:\/\/api.w.org\/{rel}","templated":true}]}}