{"id":1048,"date":"2019-12-22T22:04:14","date_gmt":"2019-12-22T21:04:14","guid":{"rendered":"http:\/\/activrando.org\/AR_blog\/?p=1048"},"modified":"2020-08-07T10:11:04","modified_gmt":"2020-08-07T08:11:04","slug":"le-gour-de-tazenat-le-22-dec-2019-a-combronde","status":"publish","type":"post","link":"https:\/\/activrando.org\/AR_blog\/2019\/12\/22\/le-gour-de-tazenat-le-22-dec-2019-a-combronde\/","title":{"rendered":"\u00a0\u00bbLe Gour de Tazenat\u00a0\u00bb, le 22 d\u00e9c. 2019 \u00e0 Combronde (32 photos)"},"content":{"rendered":"\n<p><strong><a href=\"https:\/\/activrando.org\/AR_blog\/2019\/12\/29\/les-saints-paul-le-29-dec-2019-a-vendat-12-photos\/\">&gt; &gt; &gt; ARTICLE SUIVANT<\/a><\/strong><\/p>\n\n\n\n<p><strong><a href=\"https:\/\/activrando.org\/AR_blog\/2019\/12\/19\/les-mourgons-le-19-dec-2019-a-bost\/\">&gt; &gt; &gt; ARTICLE PR\u00c9C\u00c9DENT<\/a><\/strong><\/p>\n\n\n\n<p>Une balade de 25 km au d\u00e9part de Combronde. Le temps annonc\u00e9 est tr\u00e8s variable et, en effet, en quelques heures nous conna\u00eetrons bien des variations allant de la pluie soutenue au soleil radieux. Mais dans l&rsquo;ensemble ce fut une belle journ\u00e9e de marche, passant par de magnifiques chemins.<\/p>\n\n\n\n<figure class=\"wp-block-image\"><img decoding=\"async\" loading=\"lazy\" width=\"1024\" height=\"680\" src=\"https:\/\/activrando.org\/AR_blog\/wp-content\/uploads\/2019\/12\/191222-Combronde-01-Hotel-de-ville-1024x680.jpg\" alt=\"\" class=\"wp-image-1049\" srcset=\"https:\/\/activrando.org\/AR_blog\/wp-content\/uploads\/2019\/12\/191222-Combronde-01-Hotel-de-ville.jpg 1024w, https:\/\/activrando.org\/AR_blog\/wp-content\/uploads\/2019\/12\/191222-Combronde-01-Hotel-de-ville-300x199.jpg 300w, https:\/\/activrando.org\/AR_blog\/wp-content\/uploads\/2019\/12\/191222-Combronde-01-Hotel-de-ville-768x510.jpg 768w\" sizes=\"(max-width: 1024px) 100vw, 1024px\" \/><figcaption><strong>Nous partons de l&rsquo;H\u00f4tel de ville, imposant \u00e9difice dont voici une partie de la fa\u00e7ade nord.<\/strong><br><br>   .   <\/figcaption><\/figure>\n\n\n\n<figure class=\"wp-block-image\"><img decoding=\"async\" loading=\"lazy\" width=\"1024\" height=\"680\" src=\"https:\/\/activrando.org\/AR_blog\/wp-content\/uploads\/2019\/12\/191222-Combronde-02-facades-1024x680.jpg\" alt=\"\" class=\"wp-image-1050\" srcset=\"https:\/\/activrando.org\/AR_blog\/wp-content\/uploads\/2019\/12\/191222-Combronde-02-facades.jpg 1024w, https:\/\/activrando.org\/AR_blog\/wp-content\/uploads\/2019\/12\/191222-Combronde-02-facades-300x199.jpg 300w, https:\/\/activrando.org\/AR_blog\/wp-content\/uploads\/2019\/12\/191222-Combronde-02-facades-768x510.jpg 768w\" sizes=\"(max-width: 1024px) 100vw, 1024px\" \/><figcaption>   .   <br><br>   .   <\/figcaption><\/figure>\n\n\n\n<figure class=\"wp-block-image\"><img decoding=\"async\" loading=\"lazy\" width=\"1024\" height=\"680\" src=\"https:\/\/activrando.org\/AR_blog\/wp-content\/uploads\/2019\/12\/191222-Combronde-03-campagne-cabanes-1024x680.jpg\" alt=\"\" class=\"wp-image-1051\" srcset=\"https:\/\/activrando.org\/AR_blog\/wp-content\/uploads\/2019\/12\/191222-Combronde-03-campagne-cabanes.jpg 1024w, https:\/\/activrando.org\/AR_blog\/wp-content\/uploads\/2019\/12\/191222-Combronde-03-campagne-cabanes-300x199.jpg 300w, https:\/\/activrando.org\/AR_blog\/wp-content\/uploads\/2019\/12\/191222-Combronde-03-campagne-cabanes-768x510.jpg 768w\" sizes=\"(max-width: 1024px) 100vw, 1024px\" \/><figcaption><strong>Nous montons dans les collines, \u00e0 l&rsquo;ouest de Combronde, et voyons au passage les cabanes de vignes et vergers, h\u00e9rit\u00e9es du pass\u00e9.<\/strong><br><br>   .   <\/figcaption><\/figure>\n\n\n\n<figure class=\"wp-block-image\"><img decoding=\"async\" loading=\"lazy\" width=\"1024\" height=\"680\" src=\"https:\/\/activrando.org\/AR_blog\/wp-content\/uploads\/2019\/12\/191222-Combronde-04-ruisseau-1024x680.jpg\" alt=\"\" class=\"wp-image-1052\" srcset=\"https:\/\/activrando.org\/AR_blog\/wp-content\/uploads\/2019\/12\/191222-Combronde-04-ruisseau.jpg 1024w, https:\/\/activrando.org\/AR_blog\/wp-content\/uploads\/2019\/12\/191222-Combronde-04-ruisseau-300x199.jpg 300w, https:\/\/activrando.org\/AR_blog\/wp-content\/uploads\/2019\/12\/191222-Combronde-04-ruisseau-768x510.jpg 768w\" sizes=\"(max-width: 1024px) 100vw, 1024px\" \/><figcaption>.   <br> .   <\/figcaption><\/figure>\n\n\n\n<figure class=\"wp-block-image\"><img decoding=\"async\" loading=\"lazy\" width=\"1024\" height=\"680\" src=\"https:\/\/activrando.org\/AR_blog\/wp-content\/uploads\/2019\/12\/191222-Combronde-05-groupe-marche-ruisseau-1024x680.jpg\" alt=\"\" class=\"wp-image-1053\" srcset=\"https:\/\/activrando.org\/AR_blog\/wp-content\/uploads\/2019\/12\/191222-Combronde-05-groupe-marche-ruisseau.jpg 1024w, https:\/\/activrando.org\/AR_blog\/wp-content\/uploads\/2019\/12\/191222-Combronde-05-groupe-marche-ruisseau-300x199.jpg 300w, https:\/\/activrando.org\/AR_blog\/wp-content\/uploads\/2019\/12\/191222-Combronde-05-groupe-marche-ruisseau-768x510.jpg 768w\" sizes=\"(max-width: 1024px) 100vw, 1024px\" \/><figcaption>.   <br> .   <\/figcaption><\/figure>\n\n\n\n<figure class=\"wp-block-image\"><img decoding=\"async\" loading=\"lazy\" width=\"1024\" height=\"680\" src=\"https:\/\/activrando.org\/AR_blog\/wp-content\/uploads\/2019\/12\/191222-Combronde-06-amadouvier-arbre-1024x680.jpg\" alt=\"\" class=\"wp-image-1054\" srcset=\"https:\/\/activrando.org\/AR_blog\/wp-content\/uploads\/2019\/12\/191222-Combronde-06-amadouvier-arbre.jpg 1024w, https:\/\/activrando.org\/AR_blog\/wp-content\/uploads\/2019\/12\/191222-Combronde-06-amadouvier-arbre-300x199.jpg 300w, https:\/\/activrando.org\/AR_blog\/wp-content\/uploads\/2019\/12\/191222-Combronde-06-amadouvier-arbre-768x510.jpg 768w\" sizes=\"(max-width: 1024px) 100vw, 1024px\" \/><figcaption>.   <br> .   <\/figcaption><\/figure>\n\n\n\n<figure class=\"wp-block-image\"><img decoding=\"async\" loading=\"lazy\" width=\"1024\" height=\"680\" src=\"https:\/\/activrando.org\/AR_blog\/wp-content\/uploads\/2019\/12\/191222-Combronde-07-groupe-marche-1024x680.jpg\" alt=\"\" class=\"wp-image-1055\" srcset=\"https:\/\/activrando.org\/AR_blog\/wp-content\/uploads\/2019\/12\/191222-Combronde-07-groupe-marche.jpg 1024w, https:\/\/activrando.org\/AR_blog\/wp-content\/uploads\/2019\/12\/191222-Combronde-07-groupe-marche-300x199.jpg 300w, https:\/\/activrando.org\/AR_blog\/wp-content\/uploads\/2019\/12\/191222-Combronde-07-groupe-marche-768x510.jpg 768w\" sizes=\"(max-width: 1024px) 100vw, 1024px\" \/><figcaption>.   <br> .   <\/figcaption><\/figure>\n\n\n\n<figure class=\"wp-block-image\"><img decoding=\"async\" loading=\"lazy\" width=\"1024\" height=\"680\" src=\"https:\/\/activrando.org\/AR_blog\/wp-content\/uploads\/2019\/12\/191222-Combronde-08-chemin-boueux-1024x680.jpg\" alt=\"\" class=\"wp-image-1056\" srcset=\"https:\/\/activrando.org\/AR_blog\/wp-content\/uploads\/2019\/12\/191222-Combronde-08-chemin-boueux.jpg 1024w, https:\/\/activrando.org\/AR_blog\/wp-content\/uploads\/2019\/12\/191222-Combronde-08-chemin-boueux-300x199.jpg 300w, https:\/\/activrando.org\/AR_blog\/wp-content\/uploads\/2019\/12\/191222-Combronde-08-chemin-boueux-768x510.jpg 768w\" sizes=\"(max-width: 1024px) 100vw, 1024px\" \/><figcaption><strong>Beaucoup d&rsquo;humidit\u00e9, les chemins sont \u00a0\u00bbgras\u00a0\u00bb. Mais ici la terre ne colle pas et c&rsquo;est bien agr\u00e9able.<\/strong><br><br>   .   <\/figcaption><\/figure>\n\n\n\n<figure class=\"wp-block-image\"><img decoding=\"async\" loading=\"lazy\" width=\"1024\" height=\"680\" src=\"https:\/\/activrando.org\/AR_blog\/wp-content\/uploads\/2019\/12\/191222-Combronde-09-groupe-marche-1024x680.jpg\" alt=\"\" class=\"wp-image-1057\" srcset=\"https:\/\/activrando.org\/AR_blog\/wp-content\/uploads\/2019\/12\/191222-Combronde-09-groupe-marche.jpg 1024w, https:\/\/activrando.org\/AR_blog\/wp-content\/uploads\/2019\/12\/191222-Combronde-09-groupe-marche-300x199.jpg 300w, https:\/\/activrando.org\/AR_blog\/wp-content\/uploads\/2019\/12\/191222-Combronde-09-groupe-marche-768x510.jpg 768w\" sizes=\"(max-width: 1024px) 100vw, 1024px\" \/><figcaption>.   <br> .   <\/figcaption><\/figure>\n\n\n\n<figure class=\"wp-block-image\"><img decoding=\"async\" loading=\"lazy\" width=\"1024\" height=\"680\" src=\"https:\/\/activrando.org\/AR_blog\/wp-content\/uploads\/2019\/12\/191222-Combronde-10-groupe-marche-1024x680.jpg\" alt=\"\" class=\"wp-image-1058\" srcset=\"https:\/\/activrando.org\/AR_blog\/wp-content\/uploads\/2019\/12\/191222-Combronde-10-groupe-marche.jpg 1024w, https:\/\/activrando.org\/AR_blog\/wp-content\/uploads\/2019\/12\/191222-Combronde-10-groupe-marche-300x199.jpg 300w, https:\/\/activrando.org\/AR_blog\/wp-content\/uploads\/2019\/12\/191222-Combronde-10-groupe-marche-768x510.jpg 768w\" sizes=\"(max-width: 1024px) 100vw, 1024px\" \/><figcaption><strong>Le soleil est venu et nous conna\u00eetrons d\u00e8s lors une alternance d&rsquo;averses et de belles \u00e9claircies.<\/strong><br><br>   .   <\/figcaption><\/figure>\n\n\n\n<figure class=\"wp-block-image\"><img decoding=\"async\" loading=\"lazy\" width=\"1024\" height=\"680\" src=\"https:\/\/activrando.org\/AR_blog\/wp-content\/uploads\/2019\/12\/191222-Combronde-11-chemin-buissons-1024x680.jpg\" alt=\"\" class=\"wp-image-1059\" srcset=\"https:\/\/activrando.org\/AR_blog\/wp-content\/uploads\/2019\/12\/191222-Combronde-11-chemin-buissons.jpg 1024w, https:\/\/activrando.org\/AR_blog\/wp-content\/uploads\/2019\/12\/191222-Combronde-11-chemin-buissons-300x199.jpg 300w, https:\/\/activrando.org\/AR_blog\/wp-content\/uploads\/2019\/12\/191222-Combronde-11-chemin-buissons-768x510.jpg 768w\" sizes=\"(max-width: 1024px) 100vw, 1024px\" \/><figcaption>.   <br> .   <\/figcaption><\/figure>\n\n\n\n<figure class=\"wp-block-image\"><img decoding=\"async\" loading=\"lazy\" width=\"1024\" height=\"680\" src=\"https:\/\/activrando.org\/AR_blog\/wp-content\/uploads\/2019\/12\/191222-Combronde-12-buissons-goutelettes-1024x680.jpg\" alt=\"\" class=\"wp-image-1060\" srcset=\"https:\/\/activrando.org\/AR_blog\/wp-content\/uploads\/2019\/12\/191222-Combronde-12-buissons-goutelettes.jpg 1024w, https:\/\/activrando.org\/AR_blog\/wp-content\/uploads\/2019\/12\/191222-Combronde-12-buissons-goutelettes-300x199.jpg 300w, https:\/\/activrando.org\/AR_blog\/wp-content\/uploads\/2019\/12\/191222-Combronde-12-buissons-goutelettes-768x510.jpg 768w\" sizes=\"(max-width: 1024px) 100vw, 1024px\" \/><figcaption>.   <br> .   <\/figcaption><\/figure>\n\n\n\n<figure class=\"wp-block-image\"><img decoding=\"async\" loading=\"lazy\" width=\"1024\" height=\"680\" src=\"https:\/\/activrando.org\/AR_blog\/wp-content\/uploads\/2019\/12\/191222-Combronde-13-Nicole-poncho-volant-1024x680.jpg\" alt=\"\" class=\"wp-image-1061\" srcset=\"https:\/\/activrando.org\/AR_blog\/wp-content\/uploads\/2019\/12\/191222-Combronde-13-Nicole-poncho-volant.jpg 1024w, https:\/\/activrando.org\/AR_blog\/wp-content\/uploads\/2019\/12\/191222-Combronde-13-Nicole-poncho-volant-300x199.jpg 300w, https:\/\/activrando.org\/AR_blog\/wp-content\/uploads\/2019\/12\/191222-Combronde-13-Nicole-poncho-volant-768x510.jpg 768w\" sizes=\"(max-width: 1024px) 100vw, 1024px\" \/><figcaption><strong>Par moment le vent souffla vraiment de fa\u00e7on violente, en temp\u00eate. Nicole ici aux prises avec son ponchos dont la fermeture ne r\u00e9siste pas aux coups de vent.<\/strong><br><br>   .   <\/figcaption><\/figure>\n\n\n\n<figure class=\"wp-block-image\"><img decoding=\"async\" loading=\"lazy\" width=\"1024\" height=\"680\" src=\"https:\/\/activrando.org\/AR_blog\/wp-content\/uploads\/2019\/12\/191222-Combronde-14-rochers-1024x680.jpg\" alt=\"\" class=\"wp-image-1062\" srcset=\"https:\/\/activrando.org\/AR_blog\/wp-content\/uploads\/2019\/12\/191222-Combronde-14-rochers.jpg 1024w, https:\/\/activrando.org\/AR_blog\/wp-content\/uploads\/2019\/12\/191222-Combronde-14-rochers-300x199.jpg 300w, https:\/\/activrando.org\/AR_blog\/wp-content\/uploads\/2019\/12\/191222-Combronde-14-rochers-768x510.jpg 768w\" sizes=\"(max-width: 1024px) 100vw, 1024px\" \/><figcaption>.   <br> .   <\/figcaption><\/figure>\n\n\n\n<figure class=\"wp-block-image\"><img decoding=\"async\" loading=\"lazy\" width=\"1024\" height=\"680\" src=\"https:\/\/activrando.org\/AR_blog\/wp-content\/uploads\/2019\/12\/191222-Combronde-15-lac-Gour-Tazenat-1024x680.jpg\" alt=\"\" class=\"wp-image-1063\" srcset=\"https:\/\/activrando.org\/AR_blog\/wp-content\/uploads\/2019\/12\/191222-Combronde-15-lac-Gour-Tazenat.jpg 1024w, https:\/\/activrando.org\/AR_blog\/wp-content\/uploads\/2019\/12\/191222-Combronde-15-lac-Gour-Tazenat-300x199.jpg 300w, https:\/\/activrando.org\/AR_blog\/wp-content\/uploads\/2019\/12\/191222-Combronde-15-lac-Gour-Tazenat-768x510.jpg 768w\" sizes=\"(max-width: 1024px) 100vw, 1024px\" \/><figcaption>Nous arrivons au Gour de Tazenat&#8230;<br><br>   .   <\/figcaption><\/figure>\n\n\n\n<figure class=\"wp-block-image\"><img decoding=\"async\" loading=\"lazy\" width=\"1024\" height=\"680\" src=\"https:\/\/activrando.org\/AR_blog\/wp-content\/uploads\/2019\/12\/191222-Combronde-16-lac-Gour-Tazenat-groupe-1024x680.jpg\" alt=\"\" class=\"wp-image-1064\" srcset=\"https:\/\/activrando.org\/AR_blog\/wp-content\/uploads\/2019\/12\/191222-Combronde-16-lac-Gour-Tazenat-groupe.jpg 1024w, https:\/\/activrando.org\/AR_blog\/wp-content\/uploads\/2019\/12\/191222-Combronde-16-lac-Gour-Tazenat-groupe-300x199.jpg 300w, https:\/\/activrando.org\/AR_blog\/wp-content\/uploads\/2019\/12\/191222-Combronde-16-lac-Gour-Tazenat-groupe-768x510.jpg 768w\" sizes=\"(max-width: 1024px) 100vw, 1024px\" \/><figcaption>.   <br> .   <\/figcaption><\/figure>\n\n\n\n<figure class=\"wp-block-image\"><img decoding=\"async\" loading=\"lazy\" width=\"1024\" height=\"680\" src=\"https:\/\/activrando.org\/AR_blog\/wp-content\/uploads\/2019\/12\/191222-Combronde-17-lac-Gour-Tazenat-1-1024x680.jpg\" alt=\"\" class=\"wp-image-1079\" srcset=\"https:\/\/activrando.org\/AR_blog\/wp-content\/uploads\/2019\/12\/191222-Combronde-17-lac-Gour-Tazenat-1.jpg 1024w, https:\/\/activrando.org\/AR_blog\/wp-content\/uploads\/2019\/12\/191222-Combronde-17-lac-Gour-Tazenat-1-300x199.jpg 300w, https:\/\/activrando.org\/AR_blog\/wp-content\/uploads\/2019\/12\/191222-Combronde-17-lac-Gour-Tazenat-1-768x510.jpg 768w\" sizes=\"(max-width: 1024px) 100vw, 1024px\" \/><figcaption>De la partie est de la rive, nous voyons le rocher de Servi\u00e8re, ici au centre de la photo.<br> &nbsp; .   <br><\/figcaption><\/figure>\n\n\n\n<figure class=\"wp-block-image\"><img decoding=\"async\" loading=\"lazy\" width=\"1024\" height=\"680\" src=\"https:\/\/activrando.org\/AR_blog\/wp-content\/uploads\/2019\/12\/191222-Combronde-18-racine-serpent-1-1024x680.jpg\" alt=\"\" class=\"wp-image-1080\" srcset=\"https:\/\/activrando.org\/AR_blog\/wp-content\/uploads\/2019\/12\/191222-Combronde-18-racine-serpent-1.jpg 1024w, https:\/\/activrando.org\/AR_blog\/wp-content\/uploads\/2019\/12\/191222-Combronde-18-racine-serpent-1-300x199.jpg 300w, https:\/\/activrando.org\/AR_blog\/wp-content\/uploads\/2019\/12\/191222-Combronde-18-racine-serpent-1-768x510.jpg 768w\" sizes=\"(max-width: 1024px) 100vw, 1024px\" \/><figcaption>Il n&rsquo;y a, fort heureusement, par l\u00e0 comme python, qu&rsquo;une version v\u00e9g\u00e9tale et bien immobile.<br>    .   <\/figcaption><\/figure>\n\n\n\n<figure class=\"wp-block-image\"><img decoding=\"async\" loading=\"lazy\" width=\"1024\" height=\"680\" src=\"https:\/\/activrando.org\/AR_blog\/wp-content\/uploads\/2019\/12\/191222-Combronde-19-lac-Gour-Tazenat-1-1024x680.jpg\" alt=\"\" class=\"wp-image-1081\" srcset=\"https:\/\/activrando.org\/AR_blog\/wp-content\/uploads\/2019\/12\/191222-Combronde-19-lac-Gour-Tazenat-1.jpg 1024w, https:\/\/activrando.org\/AR_blog\/wp-content\/uploads\/2019\/12\/191222-Combronde-19-lac-Gour-Tazenat-1-300x199.jpg 300w, https:\/\/activrando.org\/AR_blog\/wp-content\/uploads\/2019\/12\/191222-Combronde-19-lac-Gour-Tazenat-1-768x510.jpg 768w\" sizes=\"(max-width: 1024px) 100vw, 1024px\" \/><figcaption>.<br>    .   <\/figcaption><\/figure>\n\n\n\n<figure class=\"wp-block-image\"><img decoding=\"async\" loading=\"lazy\" width=\"1024\" height=\"680\" src=\"https:\/\/activrando.org\/AR_blog\/wp-content\/uploads\/2019\/12\/191222-Combronde-20-lac-Gour-Tazenat-rocher-Serviere-1-1024x680.jpg\" alt=\"\" class=\"wp-image-1082\" srcset=\"https:\/\/activrando.org\/AR_blog\/wp-content\/uploads\/2019\/12\/191222-Combronde-20-lac-Gour-Tazenat-rocher-Serviere-1.jpg 1024w, https:\/\/activrando.org\/AR_blog\/wp-content\/uploads\/2019\/12\/191222-Combronde-20-lac-Gour-Tazenat-rocher-Serviere-1-300x199.jpg 300w, https:\/\/activrando.org\/AR_blog\/wp-content\/uploads\/2019\/12\/191222-Combronde-20-lac-Gour-Tazenat-rocher-Serviere-1-768x510.jpg 768w\" sizes=\"(max-width: 1024px) 100vw, 1024px\" \/><figcaption><strong>Le sommet du rocher de Servi\u00e8re, massif rocheux tr\u00e8s d\u00e9coup\u00e9 et situ\u00e9 sur la rive nord.<\/strong><br><br>   .   <\/figcaption><\/figure>\n\n\n\n<figure class=\"wp-block-image\"><img decoding=\"async\" loading=\"lazy\" width=\"1024\" height=\"680\" src=\"https:\/\/activrando.org\/AR_blog\/wp-content\/uploads\/2019\/12\/191222-Combronde-21-lac-Gour-Tazenat-barriere-1-1024x680.jpg\" alt=\"\" class=\"wp-image-1083\" srcset=\"https:\/\/activrando.org\/AR_blog\/wp-content\/uploads\/2019\/12\/191222-Combronde-21-lac-Gour-Tazenat-barriere-1.jpg 1024w, https:\/\/activrando.org\/AR_blog\/wp-content\/uploads\/2019\/12\/191222-Combronde-21-lac-Gour-Tazenat-barriere-1-300x199.jpg 300w, https:\/\/activrando.org\/AR_blog\/wp-content\/uploads\/2019\/12\/191222-Combronde-21-lac-Gour-Tazenat-barriere-1-768x510.jpg 768w\" sizes=\"(max-width: 1024px) 100vw, 1024px\" \/><figcaption>.<br>    .   <\/figcaption><\/figure>\n\n\n\n<figure class=\"wp-block-image\"><img decoding=\"async\" loading=\"lazy\" width=\"1024\" height=\"768\" src=\"https:\/\/activrando.org\/AR_blog\/wp-content\/uploads\/2019\/12\/191222-Combronde-22-barriere-tressee-1-1024x768.jpg\" alt=\"\" class=\"wp-image-1084\" srcset=\"https:\/\/activrando.org\/AR_blog\/wp-content\/uploads\/2019\/12\/191222-Combronde-22-barriere-tressee-1.jpg 1024w, https:\/\/activrando.org\/AR_blog\/wp-content\/uploads\/2019\/12\/191222-Combronde-22-barriere-tressee-1-300x225.jpg 300w, https:\/\/activrando.org\/AR_blog\/wp-content\/uploads\/2019\/12\/191222-Combronde-22-barriere-tressee-1-768x576.jpg 768w\" sizes=\"(max-width: 1024px) 100vw, 1024px\" \/><figcaption><strong>Une belle palissade en tressage de branches.<\/strong><br><br>   .   <\/figcaption><\/figure>\n\n\n\n<figure class=\"wp-block-image\"><img decoding=\"async\" loading=\"lazy\" width=\"1024\" height=\"680\" src=\"https:\/\/activrando.org\/AR_blog\/wp-content\/uploads\/2019\/12\/191222-Combronde-23-lac-Gour-Tazenat-panorama-1-1024x680.jpg\" alt=\"\" class=\"wp-image-1086\" srcset=\"https:\/\/activrando.org\/AR_blog\/wp-content\/uploads\/2019\/12\/191222-Combronde-23-lac-Gour-Tazenat-panorama-1.jpg 1024w, https:\/\/activrando.org\/AR_blog\/wp-content\/uploads\/2019\/12\/191222-Combronde-23-lac-Gour-Tazenat-panorama-1-300x199.jpg 300w, https:\/\/activrando.org\/AR_blog\/wp-content\/uploads\/2019\/12\/191222-Combronde-23-lac-Gour-Tazenat-panorama-1-768x510.jpg 768w\" sizes=\"(max-width: 1024px) 100vw, 1024px\" \/><figcaption><strong>Nous montons sur la l\u00e8vre nord du crat\u00e8re, d&rsquo;o\u00f9 l&rsquo;on a un beau panorama sur l&rsquo;ensemble du lac, pour repartir vers l&rsquo;est.<\/strong><br><br>   .   <\/figcaption><\/figure>\n\n\n\n<figure class=\"wp-block-image\"><img decoding=\"async\" loading=\"lazy\" width=\"1024\" height=\"680\" src=\"https:\/\/activrando.org\/AR_blog\/wp-content\/uploads\/2019\/12\/191222-Combronde-24-etang-groupe-marche-1-1024x680.jpg\" alt=\"\" class=\"wp-image-1087\" srcset=\"https:\/\/activrando.org\/AR_blog\/wp-content\/uploads\/2019\/12\/191222-Combronde-24-etang-groupe-marche-1.jpg 1024w, https:\/\/activrando.org\/AR_blog\/wp-content\/uploads\/2019\/12\/191222-Combronde-24-etang-groupe-marche-1-300x199.jpg 300w, https:\/\/activrando.org\/AR_blog\/wp-content\/uploads\/2019\/12\/191222-Combronde-24-etang-groupe-marche-1-768x510.jpg 768w\" sizes=\"(max-width: 1024px) 100vw, 1024px\" \/><figcaption>.<br>    .   <\/figcaption><\/figure>\n\n\n\n<figure class=\"wp-block-image\"><img decoding=\"async\" loading=\"lazy\" width=\"1024\" height=\"768\" src=\"https:\/\/activrando.org\/AR_blog\/wp-content\/uploads\/2019\/12\/191222-Combronde-25-etang-deversoir-1-1024x768.jpg\" alt=\"\" class=\"wp-image-1088\" srcset=\"https:\/\/activrando.org\/AR_blog\/wp-content\/uploads\/2019\/12\/191222-Combronde-25-etang-deversoir-1.jpg 1024w, https:\/\/activrando.org\/AR_blog\/wp-content\/uploads\/2019\/12\/191222-Combronde-25-etang-deversoir-1-300x225.jpg 300w, https:\/\/activrando.org\/AR_blog\/wp-content\/uploads\/2019\/12\/191222-Combronde-25-etang-deversoir-1-768x576.jpg 768w\" sizes=\"(max-width: 1024px) 100vw, 1024px\" \/><figcaption>.<br>    .   <\/figcaption><\/figure>\n\n\n\n<figure class=\"wp-block-image\"><img decoding=\"async\" loading=\"lazy\" width=\"1024\" height=\"680\" src=\"https:\/\/activrando.org\/AR_blog\/wp-content\/uploads\/2019\/12\/191222-Combronde-26-arrivee-groupe-Pierre-Branlante-1-1024x680.jpg\" alt=\"\" class=\"wp-image-1089\" srcset=\"https:\/\/activrando.org\/AR_blog\/wp-content\/uploads\/2019\/12\/191222-Combronde-26-arrivee-groupe-Pierre-Branlante-1.jpg 1024w, https:\/\/activrando.org\/AR_blog\/wp-content\/uploads\/2019\/12\/191222-Combronde-26-arrivee-groupe-Pierre-Branlante-1-300x199.jpg 300w, https:\/\/activrando.org\/AR_blog\/wp-content\/uploads\/2019\/12\/191222-Combronde-26-arrivee-groupe-Pierre-Branlante-1-768x510.jpg 768w\" sizes=\"(max-width: 1024px) 100vw, 1024px\" \/><figcaption><strong>Nous arrivons sur le site de la Pierre branlante&#8230;<\/strong><br><br>   .   <\/figcaption><\/figure>\n\n\n\n<figure class=\"wp-block-image\"><img decoding=\"async\" loading=\"lazy\" width=\"1024\" height=\"768\" src=\"https:\/\/activrando.org\/AR_blog\/wp-content\/uploads\/2019\/12\/191222-Combronde-27-groupe-Pierre-Branlante-1-1024x768.jpg\" alt=\"\" class=\"wp-image-1091\" srcset=\"https:\/\/activrando.org\/AR_blog\/wp-content\/uploads\/2019\/12\/191222-Combronde-27-groupe-Pierre-Branlante-1.jpg 1024w, https:\/\/activrando.org\/AR_blog\/wp-content\/uploads\/2019\/12\/191222-Combronde-27-groupe-Pierre-Branlante-1-300x225.jpg 300w, https:\/\/activrando.org\/AR_blog\/wp-content\/uploads\/2019\/12\/191222-Combronde-27-groupe-Pierre-Branlante-1-768x576.jpg 768w\" sizes=\"(max-width: 1024px) 100vw, 1024px\" \/><figcaption>.<br>    .   <\/figcaption><\/figure>\n\n\n\n<figure class=\"wp-block-image\"><img decoding=\"async\" loading=\"lazy\" width=\"1024\" height=\"768\" src=\"https:\/\/activrando.org\/AR_blog\/wp-content\/uploads\/2019\/12\/191222-Combronde-28-rochers-1-1024x768.jpg\" alt=\"\" class=\"wp-image-1092\" srcset=\"https:\/\/activrando.org\/AR_blog\/wp-content\/uploads\/2019\/12\/191222-Combronde-28-rochers-1.jpg 1024w, https:\/\/activrando.org\/AR_blog\/wp-content\/uploads\/2019\/12\/191222-Combronde-28-rochers-1-300x225.jpg 300w, https:\/\/activrando.org\/AR_blog\/wp-content\/uploads\/2019\/12\/191222-Combronde-28-rochers-1-768x576.jpg 768w\" sizes=\"(max-width: 1024px) 100vw, 1024px\" \/><figcaption><strong>A proximit\u00e9 de la Pierre branlante est indiqu\u00e9 un cromlech dont nous ne verrons que ces rochers \u00e9pars.<\/strong><br><br>   .   <\/figcaption><\/figure>\n\n\n\n<figure class=\"wp-block-image\"><img decoding=\"async\" loading=\"lazy\" width=\"1024\" height=\"680\" src=\"https:\/\/activrando.org\/AR_blog\/wp-content\/uploads\/2019\/12\/191222-Combronde-29-groupe-marche-retour-1-1024x680.jpg\" alt=\"\" class=\"wp-image-1093\" srcset=\"https:\/\/activrando.org\/AR_blog\/wp-content\/uploads\/2019\/12\/191222-Combronde-29-groupe-marche-retour-1.jpg 1024w, https:\/\/activrando.org\/AR_blog\/wp-content\/uploads\/2019\/12\/191222-Combronde-29-groupe-marche-retour-1-300x199.jpg 300w, https:\/\/activrando.org\/AR_blog\/wp-content\/uploads\/2019\/12\/191222-Combronde-29-groupe-marche-retour-1-768x510.jpg 768w\" sizes=\"(max-width: 1024px) 100vw, 1024px\" \/><figcaption><strong>Quittant d\u00e9finitivement la for\u00eat, nous revenons vers Combronde, dans la grisaille d&rsquo;une fin d&rsquo;apr\u00e8s-midi tr\u00e8s charg\u00e9 d&rsquo;humidit\u00e9.<\/strong><br><br>   .   <\/figcaption><\/figure>\n\n\n\n<figure class=\"wp-block-image\"><img decoding=\"async\" loading=\"lazy\" width=\"1024\" height=\"680\" src=\"https:\/\/activrando.org\/AR_blog\/wp-content\/uploads\/2019\/12\/191222-Combronde-30-cabane-1024x680.jpg\" alt=\"\" class=\"wp-image-1094\" srcset=\"https:\/\/activrando.org\/AR_blog\/wp-content\/uploads\/2019\/12\/191222-Combronde-30-cabane.jpg 1024w, https:\/\/activrando.org\/AR_blog\/wp-content\/uploads\/2019\/12\/191222-Combronde-30-cabane-300x199.jpg 300w, https:\/\/activrando.org\/AR_blog\/wp-content\/uploads\/2019\/12\/191222-Combronde-30-cabane-768x510.jpg 768w\" sizes=\"(max-width: 1024px) 100vw, 1024px\" \/><figcaption><strong>Une ancienne cabane des champs attire notre attention : la pierre plac\u00e9e au fa\u00eete \u00e9voque, d&rsquo;un c\u00f4t\u00e9 comme de l&rsquo;autre, un personnage assis , comme pour veiller sur les lieux.<\/strong><br><br>   .   <\/figcaption><\/figure>\n\n\n\n<figure class=\"wp-block-image\"><img decoding=\"async\" loading=\"lazy\" width=\"1024\" height=\"768\" src=\"https:\/\/activrando.org\/AR_blog\/wp-content\/uploads\/2019\/12\/191222-Combronde-31-cabane-facade-detail-1024x768.jpg\" alt=\"\" class=\"wp-image-1096\" srcset=\"https:\/\/activrando.org\/AR_blog\/wp-content\/uploads\/2019\/12\/191222-Combronde-31-cabane-facade-detail.jpg 1024w, https:\/\/activrando.org\/AR_blog\/wp-content\/uploads\/2019\/12\/191222-Combronde-31-cabane-facade-detail-300x225.jpg 300w, https:\/\/activrando.org\/AR_blog\/wp-content\/uploads\/2019\/12\/191222-Combronde-31-cabane-facade-detail-768x576.jpg 768w\" sizes=\"(max-width: 1024px) 100vw, 1024px\" \/><figcaption><strong>Et puis, au-dessus de la porte, une niche mariale, vide, est surmont\u00e9e d&rsquo;une sculpture de visage en bas-relief. De part et d&rsquo;autre, des tessons de bouteille ench\u00e2ss\u00e9 dans le mur&#8230; Le lieu semble charg\u00e9 d&rsquo;histoire et d&rsquo;intentions d\u00e9coratives multiples.<\/strong><br><br>   .   <\/figcaption><\/figure>\n\n\n\n<figure class=\"wp-block-image\"><img decoding=\"async\" loading=\"lazy\" width=\"1024\" height=\"768\" src=\"https:\/\/activrando.org\/AR_blog\/wp-content\/uploads\/2019\/12\/191222-Combronde-32-peinture-murale-1024x768.jpg\" alt=\"\" class=\"wp-image-1097\" srcset=\"https:\/\/activrando.org\/AR_blog\/wp-content\/uploads\/2019\/12\/191222-Combronde-32-peinture-murale.jpg 1024w, https:\/\/activrando.org\/AR_blog\/wp-content\/uploads\/2019\/12\/191222-Combronde-32-peinture-murale-300x225.jpg 300w, https:\/\/activrando.org\/AR_blog\/wp-content\/uploads\/2019\/12\/191222-Combronde-32-peinture-murale-768x576.jpg 768w\" sizes=\"(max-width: 1024px) 100vw, 1024px\" \/><figcaption><strong>Nous rentrons dans Combronde par l&rsquo;ouest et apr\u00e8s avoir franchi puis suivi le Ruisseau des Buchailles par un petit chemin calme, nous voyons cette peinture murale de tr\u00e8s belle qualit\u00e9 et inspir\u00e9e par cette proximit\u00e9 aquatique.<\/strong><br> &nbsp; .&nbsp;&nbsp;&nbsp; <\/figcaption><\/figure>\n\n\n\n<p><strong><a href=\"https:\/\/activrando.org\/AR_blog\/2019\/12\/29\/les-saints-paul-le-29-dec-2019-a-vendat-12-photos\/\">&gt; &gt; &gt; ARTICLE SUIVANT<\/a><\/strong><\/p>\n\n\n\n<p><strong><a href=\"https:\/\/activrando.org\/AR_blog\/\">&gt; &gt; &gt; ACCUEIL DU BLOG<\/a><\/strong><\/p>\n\n\n\n<p><strong><a href=\"https:\/\/activrando.org\/AR_blog\/2019\/12\/19\/les-mourgons-le-19-dec-2019-a-bost\/\">&gt; &gt; &gt; ARTICLE PR\u00c9C\u00c9DENT<\/a><\/strong><\/p>\n","protected":false},"excerpt":{"rendered":"<p>&gt; &gt; &gt; ARTICLE SUIVANT &gt; &gt; &gt; ARTICLE PR\u00c9C\u00c9DENT Une balade de 25 km au d\u00e9part de Combronde. Le temps annonc\u00e9 est tr\u00e8s variable et, en effet, en quelques heures nous conna\u00eetrons bien des variations allant de la pluie soutenue au soleil radieux. Mais dans l&rsquo;ensemble ce fut une&#8230;<\/p>\n","protected":false},"author":2,"featured_media":1278,"comment_status":"closed","ping_status":"closed","sticky":false,"template":"","format":"standard","meta":[],"categories":[2],"tags":[],"_links":{"self":[{"href":"https:\/\/activrando.org\/AR_blog\/wp-json\/wp\/v2\/posts\/1048"}],"collection":[{"href":"https:\/\/activrando.org\/AR_blog\/wp-json\/wp\/v2\/posts"}],"about":[{"href":"https:\/\/activrando.org\/AR_blog\/wp-json\/wp\/v2\/types\/post"}],"author":[{"embeddable":true,"href":"https:\/\/activrando.org\/AR_blog\/wp-json\/wp\/v2\/users\/2"}],"replies":[{"embeddable":true,"href":"https:\/\/activrando.org\/AR_blog\/wp-json\/wp\/v2\/comments?post=1048"}],"version-history":[{"count":13,"href":"https:\/\/activrando.org\/AR_blog\/wp-json\/wp\/v2\/posts\/1048\/revisions"}],"predecessor-version":[{"id":1279,"href":"https:\/\/activrando.org\/AR_blog\/wp-json\/wp\/v2\/posts\/1048\/revisions\/1279"}],"wp:featuredmedia":[{"embeddable":true,"href":"https:\/\/activrando.org\/AR_blog\/wp-json\/wp\/v2\/media\/1278"}],"wp:attachment":[{"href":"https:\/\/activrando.org\/AR_blog\/wp-json\/wp\/v2\/media?parent=1048"}],"wp:term":[{"taxonomy":"category","embeddable":true,"href":"https:\/\/activrando.org\/AR_blog\/wp-json\/wp\/v2\/categories?post=1048"},{"taxonomy":"post_tag","embeddable":true,"href":"https:\/\/activrando.org\/AR_blog\/wp-json\/wp\/v2\/tags?post=1048"}],"curies":[{"name":"wp","href":"https:\/\/api.w.org\/{rel}","templated":true}]}}